{"id":1131873,"date":"2026-08-17T06:57:17","date_gmt":"2026-08-17T06:57:17","guid":{"rendered":"https:\/\/www.europesays.com\/fr\/1131873\/"},"modified":"2026-08-17T06:57:17","modified_gmt":"2026-08-17T06:57:17","slug":"meurthe-et-moselle-la-mine-du-val-de-fer-de-neuves-maisons-une-plongee-dans-lunivers-des-gueules-jaunes","status":"publish","type":"post","link":"https:\/\/www.europesays.com\/fr\/1131873\/","title":{"rendered":"Meurthe-et-Moselle. La mine du Val-de-Fer de Neuves-Maisons, une plong\u00e9e dans l\u2019univers des \u00ab\u00a0gueules jaunes\u00a0\u00bb"},"content":{"rendered":"<p>En surplomb des boucles de la Moselle et accol\u00e9 \u00e0 la for\u00eat de Haye se dresse le dernier accumulateur \u00e0 minerai de type Zublin subsistant en Lorraine. Cet impressionnant vestige construit dans les ann\u00e9es 30 fait partie du <a href=\"https:\/\/www.estrepublicain.fr\/edition-de-nancy-agglomeration\/2015\/07\/16\/neuves-maisons-fete-du-fer-sur-le-carreau-de-l-ancienne-mine\" target=\"_blank\" rel=\"nofollow noopener\">carreau de la mine du Val-de-Fer<\/a> , \u00e0 Neuves-Maisons, en Meurthe-et-Moselle, et rappelle que le bassin de Neuves-Maisons occupait une place \u00e0 part dans l\u2019histoire de la sid\u00e9rurgie et de la mine en Lorraine.<\/p>\n<p>  40 m\u00e8tres sous terre<\/p>\n<p>Le spectaculaire vaisseau de b\u00e9ton, \u00e0 l\u2019architecture unique en Europe, est ouvert au public depuis le mois de f\u00e9vrier, apr\u00e8s avoir \u00e9t\u00e9 r\u00e9habilit\u00e9 avec le soutien de l\u2019EPFL, de la municipalit\u00e9 de Neuves-Maisons, et de la communaut\u00e9 de communes Moselle-et-Madon. Il est aujourd\u2019hui int\u00e9gr\u00e9 \u00e0 la visite guid\u00e9e de la mine du Val-de-Fer, ouverte en 1874 par Victor de Lespinats, fondateur de la Soci\u00e9t\u00e9 m\u00e9tallurgique de la Haute-Moselle de Neuves-Maisons.<\/p>\n<p>\u00ab\u00a0La mine a \u00e9t\u00e9 ouverte en m\u00eame temps que <a href=\"https:\/\/www.estrepublicain.fr\/culture-loisirs\/2025\/07\/04\/la-vieille-locomotive-la-boyotte-demenage-sur-le-carreau-de-mine-du-val-de-fer\" target=\"_blank\" rel=\"nofollow noopener\"> l\u2019usine sid\u00e9rurgique<\/a> et a arr\u00eat\u00e9 toute exploitation en 1968\u00a0\u00bb, explique Vincent Ferry, directeur de l\u2019Agence du patrimoine et de la culture industrielle n\u00e9odomienne (APCI) charg\u00e9e de faire vivre le site et d\u2019y d\u00e9velopper un tourisme industriel. \u00ab\u00a0Dans sa configuration initiale, la mine de Val-de-Fer s\u2019\u00e9tendait sur plus de 1\u00a0600 hectares et comptait entre 2\u00a0500 et 3\u00a0000 kilom\u00e8tres de galeries, avec 800 mineurs qui y travaillaient. \u00c0 partir de 1993, une galerie a \u00e9t\u00e9 r\u00e9habilit\u00e9e par d\u2019anciens mineurs r\u00e9unis au sein de l\u2019association Atelier m\u00e9moire ouvri\u00e8re, puis d\u2019autres am\u00e9nagements ont \u00e9t\u00e9 r\u00e9alis\u00e9s par la suite sous l\u2019impulsion de la municipalit\u00e9 et de l\u2019APCI, pour engager la r\u00e9novation et la s\u00e9curisation d\u2019autres galeries permettant d\u2019accueillir du public dans des conditions optimales.\u00a0\u00bb<\/p>\n<p>Les visiteurs, <a href=\"https:\/\/minedeneuvesmaisons.org\/informations-pratiques\/\" target=\"_blank\" rel=\"nofollow noopener\">accompagn\u00e9s de guides,<\/a> peuvent aujourd\u2019hui parcourir 1, 5\u00a0km dans les galeries de la mine du Val-de-Fer, \u00e0 quarante m\u00e8tres sous terre et \u00e0 une temp\u00e9rature comprise entre 8 et 10 degr\u00e9s maximum. Selon Vincent Ferry, il s\u2019agit des seules galeries de mine de fer datant du XIX e \u00a0si\u00e8cle ouvertes au public en Europe. \u00ab\u00a0D\u00e8s 1876 fut construite une voie de chemin de fer surnomm\u00e9e le \u00abcoucou\u00bb pour relier l\u2019accumulateur Zublin \u00e0 l\u2019usine de Neuves-Maisons, toujours en activit\u00e9, que l\u2019on aper\u00e7oit en contrebas. La mine de Neuves-Maisons est l\u2019une des mines de fer qui a servi \u00e0 extraire le minerai pour la construction de la tour Eiffel.\u00a0\u00bb<\/p>\n<p>Chaque ann\u00e9e, le site accueille 10\u00a0000 visiteurs. La visite de plus d\u2019une heure d\u00e9bute par le Zublin, o\u00f9 le minerai \u00e9tait tri\u00e9 et stock\u00e9 pour les besoins de l\u2019usine de Neuves-Maisons qui a commenc\u00e9 par faire de la fonte puis de l\u2019acier. Avec ses immenses cuves de 10 m\u00e8tres de profondeur, l\u2019accumulateur pouvait stocker 5\u00a0000 tonnes de minerai de fer.<\/p>\n<p>Ensuite, coiff\u00e9s d\u2019un casque et invit\u00e9s \u00e0 mettre un pull, les visiteurs sont convi\u00e9s \u00e0 p\u00e9n\u00e9trer dans la galerie principale de la mine o\u00f9 tr\u00f4ne une statue de sainte Barbe, protectrice des mineurs. Le parcours, qui passe par une galerie bois\u00e9e, d\u00e9voile les difficiles conditions de travail des \u00ab\u00a0gueules jaunes\u00a0\u00bb, avant la m\u00e9canisation des outils. Pelles, pioches, lampes \u00e0 huile et wagonnets autrefois tir\u00e9s par des chevaux, jalonnent ce parcours c\u00e9l\u00e9brant le <a href=\"https:\/\/www.republicain-lorrain.fr\/videos\/neuves-maisons-la-locomotive-boyotte-demenage-sur-le-carreau-de-mine-du-val-de-fer-305uksf\" target=\"_blank\" rel=\"nofollow noopener\"> patrimoine industriel<\/a>. Une exp\u00e9rience rafra\u00eechissante.<\/p>\n<p class=\"note\">Adresse du site\u00a0: rue du Val-de-Fer, \u00e0 Neuves-Maisons (visites guid\u00e9es payantes tous les jours \u00e0 10h, 11h et de 13h30 \u00e0 16h)<\/p>\n","protected":false},"excerpt":{"rendered":"En surplomb des boucles de la Moselle et accol\u00e9 \u00e0 la for\u00eat de Haye se dresse le dernier&hellip;\n","protected":false},"author":2,"featured_media":1131874,"comment_status":"","ping_status":"","sticky":false,"template":"","format":"standard","meta":{"footnotes":"","_share_on_mastodon":"0"},"categories":[9635],"tags":[1111,11,9848,1687,1704,1777,674,1011,27,775,1702,9847,12,2661,3456,25],"class_list":["post-1131873","post","type-post","status-publish","format-standard","has-post-thumbnail","category-nancy","tag-actu","tag-actualites","tag-cc-moselle-et-madon-54b","tag-culture-loisirs","tag-edition-nancy-et-agglomeration","tag-eu","tag-europe","tag-fr","tag-france","tag-grand-est","tag-nancy","tag-neuves-maisons","tag-news","tag-patrimoine-culturel","tag-region-lorraine","tag-republique-francaise"],"share_on_mastodon":{"url":"https:\/\/pubeurope.com\/@fr\/117109551745800634","error":""},"_links":{"self":[{"href":"https:\/\/www.europesays.com\/fr\/wp-json\/wp\/v2\/posts\/1131873","targetHints":{"allow":["GET"]}}],"collection":[{"href":"https:\/\/www.europesays.com\/fr\/wp-json\/wp\/v2\/posts"}],"about":[{"href":"https:\/\/www.europesays.com\/fr\/wp-json\/wp\/v2\/types\/post"}],"author":[{"embeddable":true,"href":"https:\/\/www.europesays.com\/fr\/wp-json\/wp\/v2\/users\/2"}],"replies":[{"embeddable":true,"href":"https:\/\/www.europesays.com\/fr\/wp-json\/wp\/v2\/comments?post=1131873"}],"version-history":[{"count":0,"href":"https:\/\/www.europesays.com\/fr\/wp-json\/wp\/v2\/posts\/1131873\/revisions"}],"wp:featuredmedia":[{"embeddable":true,"href":"https:\/\/www.europesays.com\/fr\/wp-json\/wp\/v2\/media\/1131874"}],"wp:attachment":[{"href":"https:\/\/www.europesays.com\/fr\/wp-json\/wp\/v2\/media?parent=1131873"}],"wp:term":[{"taxonomy":"category","embeddable":true,"href":"https:\/\/www.europesays.com\/fr\/wp-json\/wp\/v2\/categories?post=1131873"},{"taxonomy":"post_tag","embeddable":true,"href":"https:\/\/www.europesays.com\/fr\/wp-json\/wp\/v2\/tags?post=1131873"}],"curies":[{"name":"wp","href":"https:\/\/api.w.org\/{rel}","templated":true}]}}