{"id":113198,"date":"2025-05-20T01:58:09","date_gmt":"2025-05-20T01:58:09","guid":{"rendered":"https:\/\/www.europesays.com\/fr\/113198\/"},"modified":"2025-05-20T01:58:09","modified_gmt":"2025-05-20T01:58:09","slug":"ce-qui-lui-est-reproche","status":"publish","type":"post","link":"https:\/\/www.europesays.com\/fr\/113198\/","title":{"rendered":"ce qui lui est reproch\u00e9"},"content":{"rendered":"<p>            Par<br \/>\n        <strong><br \/>\n            <a href=\"https:\/\/actu.fr\/auteur\/julien-sournies\" title=\"Consulter tous les articles de Julien Sournies\" rel=\"nofollow noopener\" target=\"_blank\">Julien Sournies<\/a><br \/>\n        <\/strong><\/p>\n<p>        Publi\u00e9 le<\/p>\n<p>            19 mai 2025 \u00e0 16h46        <\/p>\n<p>La pr\u00e9fecture de la <a href=\"https:\/\/actu.fr\/auvergne-rhone-alpes\/loire_42\" rel=\"nofollow noopener\" target=\"_blank\">Loire<\/a> n\u2019a pas fait de cadeau. Ce dimanche 18\u00a0mai 2025, les services de l\u2019\u00c9tat dans le d\u00e9partement lig\u00e9rien ont annonc\u00e9 la <strong>fermeture en urgence de la boulangerie le Fournil de l\u2019Orient<\/strong>, situ\u00e9e avenue du Pr\u00e9sident \u00c9mile Loubet dans le centre-ville de <a href=\"https:\/\/actu.fr\/saint-etienne\/\" rel=\"nofollow noopener\" target=\"_blank\">Saint-\u00c9tienne<\/a>. Voici ce qui lui est reproch\u00e9.<\/p>\n<p>    <a href=\"https:\/\/www.google.com\/maps\/embed?pb=!1m18!1m12!1m3!1d4461.983006696585!2d4.381110375434238!3d45.43604007107354!2m3!1f0!2f0!3f0!3m2!1i1024!2i768!4f13.1!3m3!1m2!1s0x47f5aeaf57c68f9d%3A0xb0dceddf9c95d57b!2sFournil%20de%20L%27Orient!5e1!3m2!1sfr!2sfr!4v1747664961324!5m2!1sfr!2sfr\" title=\"Ouvrie le lien\" rel=\"nofollow noopener\" target=\"_blank\">Cliquez ici pour visualiser le contenu<\/a><\/p>\n<p>Hygi\u00e8ne d\u00e9faillante, denr\u00e9es mal conserv\u00e9es, \u00e9quipements non entretenus\u2026<\/p>\n<p class=\" wall-content\">\u00c0 la suite d\u2019un contr\u00f4le sanitaire r\u00e9alis\u00e9 le vendredi 16\u00a0mai 2025 par un organisme agr\u00e9\u00e9, de <strong>graves manquements<\/strong> ont en effet \u00e9t\u00e9 constat\u00e9s\u2009:<\/p>\n<ul class=\" wall-content\">\n<li>Entretien d\u00e9fectueux des locaux et du mat\u00e9riel<\/li>\n<li>Conservation des aliments dans des conditions inappropri\u00e9es<\/li>\n<li>Temp\u00e9ratures de stockage non conformes \u00e0 la r\u00e9glementation<\/li>\n<\/ul>\n<p class=\" wall-content\">\u00ab\u2009Face \u00e0 ces risques majeurs pour la sant\u00e9 des consommateurs\u2009\u00bb, le pr\u00e9fet de la Loire a donc prononc\u00e9 la fermeture administrative imm\u00e9diate de l\u2019\u00e9tablissement.<\/p>\n<p>Vid\u00e9os : en ce moment sur ActuD\u2019autres contr\u00f4les dans la Loire<\/p>\n<p class=\" wall-content\">Pour autant, la fermeture n\u2019est pas d\u00e9finitive. \u00ab\u2009La r\u00e9ouverture de l\u2019\u00e9tablissement ne sera possible qu\u2019apr\u00e8s la d\u00e9monstration de la preuve de son respect de la l\u00e9gislation en vigueur\u2009\u00bb, ajoute la pr\u00e9fecture lig\u00e9rienne.<\/p>\n<p class=\" wall-content\">Cette derni\u00e8re pr\u00e9cise par ailleurs que \u00ab\u2009les <strong>contr\u00f4les se poursuivent<\/strong> sur l\u2019ensemble du d\u00e9partement\u2009\u00bb.<\/p>\n<p class=\" wall-content\">Contact\u00e9e par notre r\u00e9daction, la boulangerie n\u2019a pas r\u00e9pondu \u00e0 nos sollicitations.<\/p>\n<p class=\" wall-content\">Suivez toute l\u2019actualit\u00e9 de vos villes et m\u00e9dias favoris en vous inscrivant \u00e0 <a href=\"https:\/\/moncompte.actu.fr\" title=\"D\u00e9couvez Mon Actu\" rel=\"nofollow noopener\" data-trk=\"{&quot;cta&quot;:{&quot;action&quot;:&quot;https:\\\/\\\/moncompte.actu.fr&quot;,&quot;category&quot;:&quot;mon compte&quot;,&quot;from&quot;:&quot;article footer&quot;,&quot;name&quot;:&quot;Mon actu&quot;,&quot;type&quot;:&quot;cta&quot;}}\" target=\"_blank\">Mon Actu<\/a>.<\/p>\n","protected":false},"excerpt":{"rendered":"Par Julien Sournies Publi\u00e9 le 19 mai 2025 \u00e0 16h46 La pr\u00e9fecture de la Loire n\u2019a pas fait&hellip;\n","protected":false},"author":2,"featured_media":113199,"comment_status":"","ping_status":"","sticky":false,"template":"","format":"standard","meta":{"footnotes":""},"categories":[9653],"tags":[1111,11,2430,215,1777,674,1011,27,12,25,4001,104],"class_list":{"0":"post-113198","1":"post","2":"type-post","3":"status-publish","4":"format-standard","5":"has-post-thumbnail","7":"category-saint-etienne","8":"tag-actu","9":"tag-actualites","10":"tag-auvergne-rhone-alpes","11":"tag-commerce","12":"tag-eu","13":"tag-europe","14":"tag-fr","15":"tag-france","16":"tag-news","17":"tag-republique-francaise","18":"tag-saint-etienne","19":"tag-societe"},"share_on_mastodon":{"url":"https:\/\/pubeurope.com\/@fr\/114537687017900884","error":""},"_links":{"self":[{"href":"https:\/\/www.europesays.com\/fr\/wp-json\/wp\/v2\/posts\/113198","targetHints":{"allow":["GET"]}}],"collection":[{"href":"https:\/\/www.europesays.com\/fr\/wp-json\/wp\/v2\/posts"}],"about":[{"href":"https:\/\/www.europesays.com\/fr\/wp-json\/wp\/v2\/types\/post"}],"author":[{"embeddable":true,"href":"https:\/\/www.europesays.com\/fr\/wp-json\/wp\/v2\/users\/2"}],"replies":[{"embeddable":true,"href":"https:\/\/www.europesays.com\/fr\/wp-json\/wp\/v2\/comments?post=113198"}],"version-history":[{"count":0,"href":"https:\/\/www.europesays.com\/fr\/wp-json\/wp\/v2\/posts\/113198\/revisions"}],"wp:featuredmedia":[{"embeddable":true,"href":"https:\/\/www.europesays.com\/fr\/wp-json\/wp\/v2\/media\/113199"}],"wp:attachment":[{"href":"https:\/\/www.europesays.com\/fr\/wp-json\/wp\/v2\/media?parent=113198"}],"wp:term":[{"taxonomy":"category","embeddable":true,"href":"https:\/\/www.europesays.com\/fr\/wp-json\/wp\/v2\/categories?post=113198"},{"taxonomy":"post_tag","embeddable":true,"href":"https:\/\/www.europesays.com\/fr\/wp-json\/wp\/v2\/tags?post=113198"}],"curies":[{"name":"wp","href":"https:\/\/api.w.org\/{rel}","templated":true}]}}