{"id":113200,"date":"2025-05-20T01:59:16","date_gmt":"2025-05-20T01:59:16","guid":{"rendered":"https:\/\/www.europesays.com\/fr\/113200\/"},"modified":"2025-05-20T01:59:16","modified_gmt":"2025-05-20T01:59:16","slug":"natation-17-nageurs-du-puy-au-meeting-de-saint-etienne","status":"publish","type":"post","link":"https:\/\/www.europesays.com\/fr\/113200\/","title":{"rendered":"Natation : 17 nageurs du Puy au meeting de Saint-Etienne"},"content":{"rendered":"<p>\t\t\t\t\t\t\t\t\t\t\t\t\t\t\t\t\t\t\t\t\t\t\t\t\t\t\t\t\t\t\t\t\t\t\t\t\t\t\t\t\t\t\t\t\t\t\t\t\t\t\t\t\t\t\t\t\t\t\t\t\t\t\t<a href=\"https:\/\/www.lacommere43.fr\/component\/banners\/click\/1751.html\" target=\"_blank\" title=\"Chevalier Fr\u00e8res avril 2025\" rel=\"nofollow noopener\"><br \/>\n\t\t\t\t\t\t\t<img decoding=\"async\" src=\"https:\/\/www.europesays.com\/fr\/wp-content\/uploads\/2025\/05\/1747706356_675_chevalier2.gif\" alt=\"Chevalier Fr\u00e8res avril 2025\"\/><br \/>\n\t\t\t\t\t\t<\/a><\/p>\n<p><strong>Du vendredi 16 au dimanche 18 mai, 17 nageurs du Puy-en-Velay ont particip\u00e9 au meeting de Saint-Etienne Aquatic m\u00e9tropole avec 469 nageurs engag\u00e9s issus de 36 clubs.<\/strong><\/p>\n<p>Lucas Barry, ancien nageur du club d\u00e9sormais \u00e0 l\u2019ASM et Lily-Rose Berthelot \u00e9taient pr\u00e9sents. Ces deux nageurs de niveau national \u00e9taient les nageurs phares du meeting de par leurs origines proches de la Loire, et leur passion pour la discipline qu\u2019ils savent partager aux plus jeunes.<\/p>\n<p>Les nageurs du Club Agglo le Puy en Velay Natation ont test\u00e9 les effets des stages sportif r\u00e9alis\u00e9s durant les vacances scolaire d\u2019avril.<\/p>\n<p>Chez les juniors, les meilleures performance fleurissent pour cette comp\u00e9tition qualificative au niveau Ligue.<\/p>\n<p>Elia Vincent r\u00e9alise une excellente comp\u00e9tition. Elle r\u00e9alise ses meilleures performances en s\u00e9rie, puis en finale B sur\u00a0 200 NL 2\u201927 puis 2\u201925\u2019\u201960, 200 4Nage\u00a0 2\u201950, puis 2\u201948\u2019\u201958, et enfin au 100 NL 1\u201906 puis 1\u201905\u2019\u201989\u00a0. Elle approche des 1000 points avec 30\u2019\u201905 au 50NL.<\/p>\n<p>Selyan Benmammar participe \u00e0 la finale A du 100 Brasse 1\u201914\u2019\u201913, finales B 50 brasse, meilleure performance sur 50NL et 100NL.<\/p>\n<p>Mathieu Thomas participe \u00e0 la finale B 100 NL 58\u2019\u201944 et finale B 50 dos 32\u2019\u201957.<\/p>\n<p>Elisa Chezbardon participe \u00e0 la finale B du 100 brasse 1\u201925\u2019\u201986 apr\u00e8s avoir r\u00e9alis\u00e9 sa meiileure performance en s\u00e9rie 1\u201924\u2019\u201975.<\/p>\n<p>Ines Chezbardon participe \u00e0 la finale B du 50 dos 36\u00a0\u2018\u201955\u00a0 apr\u00e8s avoir r\u00e9alis\u00e9 sa meilleure performance en s\u00e9rie 36\u2019\u201950.<\/p>\n<p>Lorick Pascal 100% de Meilleures performances 50 NL, 100 NL, 200 NL, 100 brasse, 2004N et 1500 NL.<\/p>\n<p>Astrid Agbo 100% meilleures performances 100 NL, 200 NL, 50 brasse, 200 brasse, 50 papillon, 200 4N.<\/p>\n<p>Ellory Andreau r\u00e9alise ses MP sur 100 NL et 200 4N.<\/p>\n<p>Les juniors 1 tirent leur \u00e9pingle du jeu malgr\u00e9 la confrontation aux nageurs Juniors et S\u00e9niors\u00a0:<\/p>\n<p>Albane Vincent participe \u00e0 la finale Benjamin 200 brasse 3\u201928\u2019\u201904 MP et r\u00e9alise ses meilleurs temps du 100 NL et 50brasse.<\/p>\n<p>Mathilde Courret am\u00e9liore toutes ses performances 100 NL, 50, 100 dos, 50 papillon et 200 4N.<\/p>\n<p>Calliste Rochette Casadio fait \u00e9galement 100% de meilleures performances sur 100 NL, 100 dos, 50 brasse, 200 brasse, 50 papillon, 200 4N.\u00a0<\/p>\n<p>Lalie Peyrollier, r\u00e9alise ses meilleures performances sur 100 brasse et 200 4N.<\/p>\n<p>Chez les benjamins<\/p>\n<p>Dimitri Vigouroux s\u2019est qualifi\u00e9 \u00e0 la finale du 200 brasse benjamin et a pris la 5\u00e8me place en 3\u201916\u2019\u201950, Albane Mouillaud, Maxime Lahondes Besqueut et Mael Benmammar ont plong\u00e9 en bassin de 50m pour se challenger sur diff\u00e9rentes \u00e9preuves. Ils ont tous r\u00e9alis\u00e9s d\u2019excellentes performances et leurs meilleurs temps.<\/p>\n<p>A l\u2019issue de cette derni\u00e8re comp\u00e9tition s\u00e9lective, Selyan Benmammar, Ines Chezbardon, Elisa Chezbardon, Elia Vincent, Thomas Mathieu, Alycia Frattini sont qualifi\u00e9s les 7 et 8 juin \u00e0 la comp\u00e9tition Ligue d\u2019Annemasse.<\/p>\n<p>Pour tous les comp\u00e9titeurs du club, rendez-vous le 22 juin \u00e0 Yssingeaux pour les championnats d\u00e9partementaux \u00e9t\u00e9.<\/p>\n","protected":false},"excerpt":{"rendered":"Du vendredi 16 au dimanche 18 mai, 17 nageurs du Puy-en-Velay ont particip\u00e9 au meeting de Saint-Etienne Aquatic&hellip;\n","protected":false},"author":2,"featured_media":113201,"comment_status":"","ping_status":"","sticky":false,"template":"","format":"standard","meta":{"footnotes":""},"categories":[9653],"tags":[1111,2281,11,2430,1777,674,2282,1011,27,2280,2284,2285,2283,12,25,4001],"class_list":{"0":"post-113200","1":"post","2":"type-post","3":"status-publish","4":"format-standard","5":"has-post-thumbnail","7":"category-saint-etienne","8":"tag-actu","9":"tag-actualite-43","10":"tag-actualites","11":"tag-auvergne-rhone-alpes","12":"tag-eu","13":"tag-europe","14":"tag-faits-divers-auvergne","15":"tag-fr","16":"tag-france","17":"tag-information-haute-loire","18":"tag-infos-43","19":"tag-journal-haute-loire","20":"tag-la-commere-43","21":"tag-news","22":"tag-republique-francaise","23":"tag-saint-etienne"},"share_on_mastodon":{"url":"https:\/\/pubeurope.com\/@fr\/114537690871525313","error":""},"_links":{"self":[{"href":"https:\/\/www.europesays.com\/fr\/wp-json\/wp\/v2\/posts\/113200","targetHints":{"allow":["GET"]}}],"collection":[{"href":"https:\/\/www.europesays.com\/fr\/wp-json\/wp\/v2\/posts"}],"about":[{"href":"https:\/\/www.europesays.com\/fr\/wp-json\/wp\/v2\/types\/post"}],"author":[{"embeddable":true,"href":"https:\/\/www.europesays.com\/fr\/wp-json\/wp\/v2\/users\/2"}],"replies":[{"embeddable":true,"href":"https:\/\/www.europesays.com\/fr\/wp-json\/wp\/v2\/comments?post=113200"}],"version-history":[{"count":0,"href":"https:\/\/www.europesays.com\/fr\/wp-json\/wp\/v2\/posts\/113200\/revisions"}],"wp:featuredmedia":[{"embeddable":true,"href":"https:\/\/www.europesays.com\/fr\/wp-json\/wp\/v2\/media\/113201"}],"wp:attachment":[{"href":"https:\/\/www.europesays.com\/fr\/wp-json\/wp\/v2\/media?parent=113200"}],"wp:term":[{"taxonomy":"category","embeddable":true,"href":"https:\/\/www.europesays.com\/fr\/wp-json\/wp\/v2\/categories?post=113200"},{"taxonomy":"post_tag","embeddable":true,"href":"https:\/\/www.europesays.com\/fr\/wp-json\/wp\/v2\/tags?post=113200"}],"curies":[{"name":"wp","href":"https:\/\/api.w.org\/{rel}","templated":true}]}}