{"id":113204,"date":"2025-05-20T02:01:11","date_gmt":"2025-05-20T02:01:11","guid":{"rendered":"https:\/\/www.europesays.com\/fr\/113204\/"},"modified":"2025-05-20T02:01:11","modified_gmt":"2025-05-20T02:01:11","slug":"nancy-saint-quentin-a-quelle-heure-et-sur-quelle-chaine-tv-suivre-le-match-du-play-in-de-betclic-elite","status":"publish","type":"post","link":"https:\/\/www.europesays.com\/fr\/113204\/","title":{"rendered":"Nancy &#8211; Saint-Quentin\u00a0: \u00e0 quelle heure et sur quelle cha\u00eene TV suivre le match du play-in de Betclic \u00c9lite\u00a0?"},"content":{"rendered":"<p class=\"paragraph text_align_left\">La derni\u00e8re ligne droite de la saison de <a href=\"https:\/\/www.leparisien.fr\/sports\/basket\/\" target=\"_blank\" rel=\"noreferrer noopener\">Betclic \u00c9lite<\/a> commence d\u00e8s ce mardi pour Nancy et Saint-Quentin. Apr\u00e8s avoir accroch\u00e9 le top 10 de saison r\u00e9guli\u00e8re de peu, les deux clubs s\u2019affrontent au premier tour du play-in, dans un match \u00e0 quitte ou double : le perdant verra sa saison se terminer, alors que le gagnant jouera pour une place en playoffs d\u00e8s vendredi, contre Chalon-sur-Sa\u00f4ne ou Dijon.<\/p>\n<p class=\"paragraph text_align_left\">La plus r\u00e9cente confrontation entre les deux clubs, d\u00e9but f\u00e9vrier, avait tourn\u00e9 en la faveur des Nanc\u00e9iens (83-74), port\u00e9s par un excellent Antony Labanca (27 points). Au vu de ce pr\u00e9c\u00e9dent, les hommes de Sylvain Lauti\u00e9 partiront l\u00e9g\u00e8rement favoris, d\u2019autant qu\u2019ils ont l\u2019avantage de recevoir sur leur parquet\u2026 Et que Saint-Quentin s\u2019est inclin\u00e9 lors de six de ses sept derni\u00e8res rencontres.<\/p>\n<p class=\"paragraph text_align_left\"><b>La rencontre du play-in de Betclic \u00c9lite entre Nancy et Saint-Quentin est \u00e0 suivre ce mardi 20 mai \u00e0 partir de 20h30 sur DAZN.<\/b><\/p>\n","protected":false},"excerpt":{"rendered":"La derni\u00e8re ligne droite de la saison de Betclic \u00c9lite commence d\u00e8s ce mardi pour Nancy et Saint-Quentin.&hellip;\n","protected":false},"author":2,"featured_media":113205,"comment_status":"","ping_status":"","sticky":false,"template":"","format":"standard","meta":{"footnotes":""},"categories":[9635],"tags":[1111,11,1465,1777,674,1011,27,775,1702,12,25,60],"class_list":{"0":"post-113204","1":"post","2":"type-post","3":"status-publish","4":"format-standard","5":"has-post-thumbnail","7":"category-nancy","8":"tag-actu","9":"tag-actualites","10":"tag-basket","11":"tag-eu","12":"tag-europe","13":"tag-fr","14":"tag-france","15":"tag-grand-est","16":"tag-nancy","17":"tag-news","18":"tag-republique-francaise","19":"tag-sports"},"share_on_mastodon":{"url":"https:\/\/pubeurope.com\/@fr\/114537698665406141","error":""},"_links":{"self":[{"href":"https:\/\/www.europesays.com\/fr\/wp-json\/wp\/v2\/posts\/113204","targetHints":{"allow":["GET"]}}],"collection":[{"href":"https:\/\/www.europesays.com\/fr\/wp-json\/wp\/v2\/posts"}],"about":[{"href":"https:\/\/www.europesays.com\/fr\/wp-json\/wp\/v2\/types\/post"}],"author":[{"embeddable":true,"href":"https:\/\/www.europesays.com\/fr\/wp-json\/wp\/v2\/users\/2"}],"replies":[{"embeddable":true,"href":"https:\/\/www.europesays.com\/fr\/wp-json\/wp\/v2\/comments?post=113204"}],"version-history":[{"count":0,"href":"https:\/\/www.europesays.com\/fr\/wp-json\/wp\/v2\/posts\/113204\/revisions"}],"wp:featuredmedia":[{"embeddable":true,"href":"https:\/\/www.europesays.com\/fr\/wp-json\/wp\/v2\/media\/113205"}],"wp:attachment":[{"href":"https:\/\/www.europesays.com\/fr\/wp-json\/wp\/v2\/media?parent=113204"}],"wp:term":[{"taxonomy":"category","embeddable":true,"href":"https:\/\/www.europesays.com\/fr\/wp-json\/wp\/v2\/categories?post=113204"},{"taxonomy":"post_tag","embeddable":true,"href":"https:\/\/www.europesays.com\/fr\/wp-json\/wp\/v2\/tags?post=113204"}],"curies":[{"name":"wp","href":"https:\/\/api.w.org\/{rel}","templated":true}]}}