{"id":1132043,"date":"2026-08-17T08:56:17","date_gmt":"2026-08-17T08:56:17","guid":{"rendered":"https:\/\/www.europesays.com\/fr\/1132043\/"},"modified":"2026-08-17T08:56:17","modified_gmt":"2026-08-17T08:56:17","slug":"guerre-en-ukraine-pourquoi-le-nombre-de-civils-tues-est-en-hausse-appels-sur-lactualite","status":"publish","type":"post","link":"https:\/\/www.europesays.com\/fr\/1132043\/","title":{"rendered":"Guerre en Ukraine : pourquoi le nombre de civils tu\u00e9s est en hausse? &#8211; Appels sur l&rsquo;actualit\u00e9"},"content":{"rendered":"<p><a class=\"m-item-image m-item-image--1x1 o-podcast-header__image\" href=\"https:\/\/www.rfi.fr\/fr\/podcasts\/appels-actualit%C3%A9\/\" title=\"Appels sur l&#039;actualit\u00e9\" data-article-item-link=\"\" aria-hidden=\"true\" tabindex=\"-1\" rel=\"nofollow noopener\" target=\"_blank\"><\/p>\n<p><img fetchpriority=\"high\" decoding=\"auto\" src=\"https:\/\/www.europesays.com\/fr\/wp-content\/uploads\/2026\/07\/carre-3000x3000-Appels-sur-actualit\u00e9.jpg\"   width=\"480\" height=\"480\" alt=\"Appels sur l'actualit\u00e9.\" loading=\"eager\" class=\"a-img \"\/><\/p>\n<p>                            <\/a><\/p>\n<p class=\"t-content__chapo\">\n                                                Selon un rapport publi\u00e9 par la Mission de surveillance des droits de l\u2019homme de l\u2019ONU en Ukraine, le mois de juillet 2026 est le plus meurtrier pour les civils depuis mai 2022, avec au moins 437 morts et 2 610 bless\u00e9s. La capitale Kiev a particuli\u00e8rement \u00e9t\u00e9 touch\u00e9e, comptant au moins 54 morts et 202 bless\u00e9s sur cette p\u00e9riode.\u00a0Depuis le d\u00e9but de la guerre \u00e0 grande \u00e9chelle en f\u00e9vrier 2022, la HRMMU recense au moins 16 874 civils tu\u00e9s et 51 273 bless\u00e9s, tout en rappelant que ces chiffres sont probablement en de\u00e7\u00e0 de la r\u00e9alit\u00e9, faute d\u2019acc\u00e8s aux zones occup\u00e9es par la Russie.\u00a0Comment\u00a0expliquer\u00a0cette hausse\u00a0? Que peuvent faire Kiev et ses alli\u00e9s pour mieux prot\u00e9ger la population ?                    <\/p>\n<p><img fetchpriority=\"low\" decoding=\"async\" src=\"https:\/\/www.europesays.com\/fr\/wp-content\/uploads\/2026\/08\/AP26206302218250.jpg\"   width=\"1024\" height=\"576\" alt=\"Des pompiers ukrainiens \u00e9vacuent un civil bless\u00e9 \u00e0 la suite d'une attaque a\u00e9rienne russe \u00e0 Soumy, le 25 juillet 2026.\" loading=\"eager\" class=\"a-img \"\/><\/p>\n<p>                Des pompiers ukrainiens \u00e9vacuent un civil bless\u00e9 \u00e0 la suite d&rsquo;une attaque a\u00e9rienne russe \u00e0 Soumy, le 25 juillet 2026.        \u00a9 Service d&rsquo;urgence ukrainien\/AP                                        <\/p>\n<p><strong>Avec\u00a0<a target=\"_blank\" href=\"https:\/\/www.linkedin.com\/in\/kseniya-zhornokley-8299a735\/fr?originalSubdomain=fr\" rel=\"nofollow noopener\">Kseniya Zhornokley<\/a>, journaliste sp\u00e9cialis\u00e9e pour la r\u00e9daction ukrainienne de RFI.\u00a0<\/strong><\/p>\n<p class=\"o-self-promo__text\"><strong>Newsletter<\/strong>Recevez toute l&rsquo;actualit\u00e9 internationale directement dans votre boite mail<\/p>\n<p>        <a href=\"https:\/\/emailing.rfi.fr\/fr\/subscribe\" target=\"_blank\" rel=\"noopener nofollow\" class=\"o-self-promo__link o-self-promo__link--newsletter\">Je m&rsquo;abonne<\/a><\/p>\n","protected":false},"excerpt":{"rendered":"Selon un rapport publi\u00e9 par la Mission de surveillance des droits de l\u2019homme de l\u2019ONU en Ukraine, le&hellip;\n","protected":false},"author":2,"featured_media":1132044,"comment_status":"","ping_status":"","sticky":false,"template":"","format":"standard","meta":{"footnotes":"","_share_on_mastodon":"0"},"categories":[1590],"tags":[11,4872,554,1777,674,12,3521,132,220],"class_list":["post-1132043","post","type-post","status-publish","format-standard","has-post-thumbnail","category-ukraine","tag-actualites","tag-appels-sur-lactualite","tag-defense","tag-eu","tag-europe","tag-news","tag-onu","tag-russie","tag-ukraine"],"share_on_mastodon":{"url":"https:\/\/pubeurope.com\/@fr\/117110022138031192","error":""},"_links":{"self":[{"href":"https:\/\/www.europesays.com\/fr\/wp-json\/wp\/v2\/posts\/1132043","targetHints":{"allow":["GET"]}}],"collection":[{"href":"https:\/\/www.europesays.com\/fr\/wp-json\/wp\/v2\/posts"}],"about":[{"href":"https:\/\/www.europesays.com\/fr\/wp-json\/wp\/v2\/types\/post"}],"author":[{"embeddable":true,"href":"https:\/\/www.europesays.com\/fr\/wp-json\/wp\/v2\/users\/2"}],"replies":[{"embeddable":true,"href":"https:\/\/www.europesays.com\/fr\/wp-json\/wp\/v2\/comments?post=1132043"}],"version-history":[{"count":0,"href":"https:\/\/www.europesays.com\/fr\/wp-json\/wp\/v2\/posts\/1132043\/revisions"}],"wp:featuredmedia":[{"embeddable":true,"href":"https:\/\/www.europesays.com\/fr\/wp-json\/wp\/v2\/media\/1132044"}],"wp:attachment":[{"href":"https:\/\/www.europesays.com\/fr\/wp-json\/wp\/v2\/media?parent=1132043"}],"wp:term":[{"taxonomy":"category","embeddable":true,"href":"https:\/\/www.europesays.com\/fr\/wp-json\/wp\/v2\/categories?post=1132043"},{"taxonomy":"post_tag","embeddable":true,"href":"https:\/\/www.europesays.com\/fr\/wp-json\/wp\/v2\/tags?post=1132043"}],"curies":[{"name":"wp","href":"https:\/\/api.w.org\/{rel}","templated":true}]}}