{"id":113206,"date":"2025-05-20T02:02:15","date_gmt":"2025-05-20T02:02:15","guid":{"rendered":"https:\/\/www.europesays.com\/fr\/113206\/"},"modified":"2025-05-20T02:02:15","modified_gmt":"2025-05-20T02:02:15","slug":"se-sentir-a-sa-place-au-centre-lgbtqia-de-toulon-une-vie-communautaire-pour-lutter-contre-lisolement-2","status":"publish","type":"post","link":"https:\/\/www.europesays.com\/fr\/113206\/","title":{"rendered":"\u00ab\u00a0Se sentir \u00e0 sa place\u00a0\u00bb: au centre LGBTQIA+ de Toulon, une vie communautaire pour lutter contre l&rsquo;isolement"},"content":{"rendered":"<p>Depuis 2019, le Planning Familial pilotait le r\u00e9seau LGBTQIA + du Var. L\u2019an dernier, le Pr\u00e9fet lui a propos\u00e9 de porter le projet du Centre d\u00e9partemental LGBTQIA +.<\/p>\n<p>Ouvert en novembre 2024, il a \u00e9t\u00e9 inaugur\u00e9 il y a deux mois. Comme le centre de sant\u00e9 sexuelle, il est install\u00e9 dans les (trop petits) locaux du Planning Familial \u00e0 Toulon.<\/p>\n<p>\u00ab\u00a0C\u2019est un espace inclusif et bienveillant pour la communaut\u00e9, un lieu d\u2019accueil, d\u2019\u00e9coute, d\u2019information et d\u2019accompagnement\u00a0\u00bb r\u00e9sume Fran\u00e7oise Denis, co-pr\u00e9sidente du Planning Familial. <\/p>\n<p>\u00ab\u00a0Les conseill\u00e8res familiales et conjugales proposent un accompagnement personnalis\u00e9, individuel ou collectif\u00a0\u00bb, poursuit Julie Rassat, la coordinatrice du centre.<\/p>\n<p>Des groupes de paroles, des ateliers d\u2019\u00e9criture, de peinture et des permanences pour traiter de questions aussi diverses que l\u2019acc\u00e8s aux droits, l\u2019identit\u00e9 de genre ou l\u2019orientation sexuelle font vivre la communaut\u00e9, entre r\u00e9unions d\u2019information et moments plus conviviaux.<\/p>\n<p>\u00ab\u00a0Ils contribuent \u00e0 lutter contre l\u2019isolement social et renforcent la solidarit\u00e9 et le soutien entre pairs.\u00a0\u00bb Un aspect fondamental pour faire face au rejet parfois exprim\u00e9 au sein de la soci\u00e9t\u00e9.<\/p>\n<p>Planning familial du Var &#8211; Centre LGBTQIA + &#8211; 5 avenue Colbert \u00e0 Toulon. Instagram: @centre_lgbt_83.<\/p>\n<p>            Margaux: \u00ab\u00a0Je pouvais me sentir seule, jug\u00e9e\u00a0\u00bb<\/p>\n<p>Margaux a 21 ans et elle est lesbienne: \u00ab\u00a0Quand je suis arriv\u00e9e \u00e0 Toulon, le centre LGBTQIA + m\u2019a permis de rencontrer la communaut\u00e9, de cr\u00e9er des liens avec des gens qui partagent les m\u00eames valeurs que moi, ce que je n\u2019avais pas forc\u00e9ment avant d\u2019arriver ici. C\u2019est important: on se sent repr\u00e9sent\u00e9s, on peut s\u2019identifier. Avant je pouvais me sentir seule, jug\u00e9e. Les liens conviviaux ont amplifi\u00e9 mon sentiment d\u2019appartenance. Venir ici c\u2019est bon pour le moral, pour l\u2019estime et la d\u00e9couverte de soi. C\u2019est un besoin humain d\u2019appartenir \u00e0 une communaut\u00e9, de se sentir \u00e0 sa place.\u00a0\u00bb<\/p>\n<p>            Sant\u00e9 mentale: une fragilit\u00e9 li\u00e9e \u00e0 l\u2019isolement<\/p>\n<p>Parmi les probl\u00e9matiques de sant\u00e9 fr\u00e9quentes au sein de la communaut\u00e9 LGBTQIA +, celle de la sant\u00e9 mentale. \u00ab\u00a0Ces probl\u00e8mes ne sont pas en lien avec l\u2019identit\u00e9 sexuelle des personnes, mais avec le regard de la soci\u00e9t\u00e9 qui les isole\u00a0\u00bb, commente la copr\u00e9sidente du Planning Familial, Fran\u00e7oise Denis.<\/p>\n<p>Elle cite ainsi l\u2019exemple \u00ab\u00a0d\u2019un jeune homme trans, mineur, frapp\u00e9 d\u2019un profond mal \u00eatre que n\u2019a fait qu\u2019aggraver son suivi par un psychiatre qui consid\u00e9rait sa transidentit\u00e9 comme une maladie qu\u2019il fallait soigner. Sa famille nous a contact\u00e9s pour qu\u2019il soit enfin pris en charge correctement.\u00a0\u00bb<\/p>\n<p>\u00ab\u00a0\u00catre une personne trans, ce n\u2019est pas cool, ce n\u2019est pas une mode, mart\u00e8le le Dr Berl. Une personne trans sur deux fait une tentative de suicide dans sa vie. Tout est compliqu\u00e9: le m\u00e9dical, l\u2019administratif, les discriminations\u2026\u00a0\u00bb<\/p>\n","protected":false},"excerpt":{"rendered":"Depuis 2019, le Planning Familial pilotait le r\u00e9seau LGBTQIA + du Var. L\u2019an dernier, le Pr\u00e9fet lui a&hellip;\n","protected":false},"author":2,"featured_media":111556,"comment_status":"","ping_status":"","sticky":false,"template":"","format":"standard","meta":{"footnotes":""},"categories":[9619],"tags":[1111,11,1777,674,332,1011,27,12,882,25,71,2310],"class_list":{"0":"post-113206","1":"post","2":"type-post","3":"status-publish","4":"format-standard","5":"has-post-thumbnail","7":"category-toulon","8":"tag-actu","9":"tag-actualites","10":"tag-eu","11":"tag-europe","12":"tag-faits-de-societe","13":"tag-fr","14":"tag-france","15":"tag-news","16":"tag-provence-alpes-cote-dazur","17":"tag-republique-francaise","18":"tag-sante","19":"tag-toulon"},"share_on_mastodon":{"url":"https:\/\/pubeurope.com\/@fr\/114537702627081061","error":""},"_links":{"self":[{"href":"https:\/\/www.europesays.com\/fr\/wp-json\/wp\/v2\/posts\/113206","targetHints":{"allow":["GET"]}}],"collection":[{"href":"https:\/\/www.europesays.com\/fr\/wp-json\/wp\/v2\/posts"}],"about":[{"href":"https:\/\/www.europesays.com\/fr\/wp-json\/wp\/v2\/types\/post"}],"author":[{"embeddable":true,"href":"https:\/\/www.europesays.com\/fr\/wp-json\/wp\/v2\/users\/2"}],"replies":[{"embeddable":true,"href":"https:\/\/www.europesays.com\/fr\/wp-json\/wp\/v2\/comments?post=113206"}],"version-history":[{"count":0,"href":"https:\/\/www.europesays.com\/fr\/wp-json\/wp\/v2\/posts\/113206\/revisions"}],"wp:featuredmedia":[{"embeddable":true,"href":"https:\/\/www.europesays.com\/fr\/wp-json\/wp\/v2\/media\/111556"}],"wp:attachment":[{"href":"https:\/\/www.europesays.com\/fr\/wp-json\/wp\/v2\/media?parent=113206"}],"wp:term":[{"taxonomy":"category","embeddable":true,"href":"https:\/\/www.europesays.com\/fr\/wp-json\/wp\/v2\/categories?post=113206"},{"taxonomy":"post_tag","embeddable":true,"href":"https:\/\/www.europesays.com\/fr\/wp-json\/wp\/v2\/tags?post=113206"}],"curies":[{"name":"wp","href":"https:\/\/api.w.org\/{rel}","templated":true}]}}