{"id":113216,"date":"2025-05-20T02:12:32","date_gmt":"2025-05-20T02:12:32","guid":{"rendered":"https:\/\/www.europesays.com\/fr\/113216\/"},"modified":"2025-05-20T02:12:32","modified_gmt":"2025-05-20T02:12:32","slug":"strasbourg-quand-simone-polak-survivante-des-camps-dauschwitz-birkenau-met-des-mots-sur-le-mal","status":"publish","type":"post","link":"https:\/\/www.europesays.com\/fr\/113216\/","title":{"rendered":"Strasbourg. Quand Simone Polak, survivante des camps d\u2019Auschwitz-Birkenau, met des mots sur le mal"},"content":{"rendered":"<p class=\"insetTitle\">Parler pour ne pas oublier<\/p>\n<p>Au-del\u00e0 d\u2019un rappel du pass\u00e9, cette conf\u00e9rence visait \u00e0 alerter les coll\u00e9giens sur la fragilit\u00e9 des d\u00e9mocraties qui peuvent, si elles s\u2019effondrent, laisser leur place \u00e0 des r\u00e9gimes g\u00e9nocidaires. Le pass\u00e9 l\u2019a prouv\u00e9, et ce, m\u00eame apr\u00e8s la chute du Troisi\u00e8me Reich. Nicolas Matt, vice-pr\u00e9sident de la CEA, a tenu \u00e0 rappeler aux jeunes que \u00ab\u00a0la d\u00e9mocratie meurt de la paresse\u00a0\u00bb et qu\u2019il est imp\u00e9ratif d\u2019en prendre conscience, notamment en p\u00e9riode de scrutin. L\u2019\u00e9lu, qui s\u2019est dit \u00e9mu de la pr\u00e9sence de Simone Polak en l\u2019H\u00f4tel d\u2019Alsace, a remerci\u00e9 cette derni\u00e8re de son t\u00e9moignage et appel\u00e9 les \u00e9l\u00e8ves \u00e0 s\u2019en souvenir.<\/p>\n<p>Toujours pour la CEA, Maxime Beltzung, quant \u00e0 lui, a rappel\u00e9 que cette s\u00e9quence s\u2019inscrit dans les parcours de m\u00e9moire propos\u00e9s par la Collectivit\u00e9 europ\u00e9enne d\u2019Alsace \u00e0 destination des coll\u00e9giens.<\/p>\n","protected":false},"excerpt":{"rendered":"Parler pour ne pas oublier Au-del\u00e0 d\u2019un rappel du pass\u00e9, cette conf\u00e9rence visait \u00e0 alerter les coll\u00e9giens sur&hellip;\n","protected":false},"author":2,"featured_media":113217,"comment_status":"","ping_status":"","sticky":false,"template":"","format":"standard","meta":{"footnotes":""},"categories":[2820],"tags":[1111,11,2389,2649,3599,2880,1057,1777,674,107,1011,27,775,937,12,25,104,640,2879],"class_list":{"0":"post-113216","1":"post","2":"type-post","3":"status-publish","4":"format-standard","5":"has-post-thumbnail","7":"category-strasbourg","8":"tag-actu","9":"tag-actualites","10":"tag-alsace","11":"tag-bas-rhin","12":"tag-college-lycee","13":"tag-edition-strasbourg","14":"tag-education","15":"tag-eu","16":"tag-europe","17":"tag-fil-info","18":"tag-fr","19":"tag-france","20":"tag-grand-est","21":"tag-histoire","22":"tag-news","23":"tag-republique-francaise","24":"tag-societe","25":"tag-strasbourg","26":"tag-strasbourg-ville"},"share_on_mastodon":{"url":"https:\/\/pubeurope.com\/@fr\/114537741922930773","error":""},"_links":{"self":[{"href":"https:\/\/www.europesays.com\/fr\/wp-json\/wp\/v2\/posts\/113216","targetHints":{"allow":["GET"]}}],"collection":[{"href":"https:\/\/www.europesays.com\/fr\/wp-json\/wp\/v2\/posts"}],"about":[{"href":"https:\/\/www.europesays.com\/fr\/wp-json\/wp\/v2\/types\/post"}],"author":[{"embeddable":true,"href":"https:\/\/www.europesays.com\/fr\/wp-json\/wp\/v2\/users\/2"}],"replies":[{"embeddable":true,"href":"https:\/\/www.europesays.com\/fr\/wp-json\/wp\/v2\/comments?post=113216"}],"version-history":[{"count":0,"href":"https:\/\/www.europesays.com\/fr\/wp-json\/wp\/v2\/posts\/113216\/revisions"}],"wp:featuredmedia":[{"embeddable":true,"href":"https:\/\/www.europesays.com\/fr\/wp-json\/wp\/v2\/media\/113217"}],"wp:attachment":[{"href":"https:\/\/www.europesays.com\/fr\/wp-json\/wp\/v2\/media?parent=113216"}],"wp:term":[{"taxonomy":"category","embeddable":true,"href":"https:\/\/www.europesays.com\/fr\/wp-json\/wp\/v2\/categories?post=113216"},{"taxonomy":"post_tag","embeddable":true,"href":"https:\/\/www.europesays.com\/fr\/wp-json\/wp\/v2\/tags?post=113216"}],"curies":[{"name":"wp","href":"https:\/\/api.w.org\/{rel}","templated":true}]}}