{"id":113220,"date":"2025-05-20T02:14:13","date_gmt":"2025-05-20T02:14:13","guid":{"rendered":"https:\/\/www.europesays.com\/fr\/113220\/"},"modified":"2025-05-20T02:14:13","modified_gmt":"2025-05-20T02:14:13","slug":"bureaux-presidentiels-secretariat-de-lonu-zone-de-decontamination-a-quoi-vont-servir-les-infrastructures-qui-ont-pousse-sur-le-port-de-nice","status":"publish","type":"post","link":"https:\/\/www.europesays.com\/fr\/113220\/","title":{"rendered":"Bureaux pr\u00e9sidentiels, secr\u00e9tariat de l\u2019ONU, zone de d\u00e9contamination\u2026 \u00c0 quoi vont servir les infrastructures qui ont pouss\u00e9 sur le port de Nice?"},"content":{"rendered":"<p>Sur le port, depuis plusieurs semaines, une arm\u00e9e d\u2019ouvriers s\u2019affaire. Un apr\u00e8s l\u2019autre, de nombreux et imposants chapiteaux ont pouss\u00e9 sur les quais. \u00ab\u00a0Contrairement aux trois b\u00e2timents principaux d\u2019Infernet, ceux-l\u00e0 seront d\u00e9mont\u00e9s d\u00e8s le lendemain du sommet\u00a0\u00bb, rassure Olivier Bettati, d\u00e9l\u00e9gu\u00e9 g\u00e9n\u00e9ral \u00e0 la mission Unoc (Conf\u00e9rence des Nations unies sur l\u2019oc\u00e9an). En attendant c\u2019est une ville au milieu de la ville qui est en train d\u2019\u00eatre \u00e9rig\u00e9e.<\/p>\n<p>D\u00e9but juin elle commencera \u00e0 se peupler. Ce sont d\u2019abord les \u00ab\u00a0sherpas\u00a0\u00bb de l\u2019ONU qui prendront possession des lieux. \u00ab\u00a0Quelque 400 fonctionnaires charg\u00e9s d\u2019accompagner les n\u00e9gociations entre \u00c9tats\u00a0\u00bb, d\u00e9crypte le Monsieur Unoc de la Ville, en vue d\u2019aboutir \u00e0 un trait\u00e9 commun pour sauver l\u2019oc\u00e9an. Bureaux, salles de r\u00e9union, salons VIP\u2026 Mais aussi des data centers, une cuisine centrale, des zones de filtrage, une salle de presse, un studio d\u2019enregistrement, des cabines de traduction simultan\u00e9e\u2026 Toute une logistique est en train de se mettre en place \u00e0 l\u2019abri de ces tentes blanches. Chaque barnum a sa fonction. On vous dit laquelle.<\/p>\n<p>\u00c0 chacun son quartier g\u00e9n\u00e9ral<\/p>\n<p>              <img ci-src=\"https:\/\/www.nicematin.com\/environnement\/Image+_page-0001-GGltjqjP.jpg?vh=095d64&amp;ci_seal=6c27267bc3\" alt=\"\"\/><\/p>\n<p>Quelques jours avant la conf\u00e9rence qui doit r\u00e9unir une centaine de chefs d\u2019\u00c9tats et de gouvernements, le p\u00e9rim\u00e8tre de s\u00e9curit\u00e9 commencera \u00e0 se refermer. Si la ligne 2 du tramway restera en service jusqu\u2019\u00e0 son terminus, les usagers ne pourront plus passer que par les escaliers donnant sur la place \u00cele-de-Beaut\u00e9. Sauf ceux qui se rendront au sommet. Pour cela, il faudra \u00eatre d\u00fbment accr\u00e9dit\u00e9. Ceux qui n\u2019auront pas encore leur laissez-passer pourront le r\u00e9cup\u00e9rer dans une premi\u00e8re tente d\u00e9di\u00e9e, install\u00e9e au niveau de la sculpture monumentale de No\u00ebl Dolla, au d\u00e9but du quai des Deux-Emmanuel.<\/p>\n<p>Ensuite, il faudra passer un sas de \u00ab\u00a0d\u00e9contamination\u00a0\u00bb pour entrer dans la zone bleue, sur le quai des Docks. Ce filtrage est compos\u00e9 de deux immenses barnums. Les organisateurs ont volontairement vu grand afin d\u2019\u00e9viter tout embouteillage \u00e0 la pause m\u00e9ridienne. Les participants seront invit\u00e9s \u00e0 aller d\u00e9jeuner dans les restaurants du port o\u00f9 ils pourront r\u00e9server leur table via une appli d\u00e9di\u00e9e.<\/p>\n<p>Une cuisine sera n\u00e9anmoins am\u00e9nag\u00e9e sur le quai Infernet, entre les b\u00e2timents semi-provisoires. Mais elle ne devrait servir que pour les personnalit\u00e9s les plus sensibles qui peuvent difficilement aller s\u2019attabler en terrasse, comme les chefs d\u2019\u00c9tat. Plusieurs b\u00e2timents en dur du quai de la douane abriteront d\u2019ailleurs des PC de s\u00e9curit\u00e9. Les tentes qui y font face sont des salles de r\u00e9union d\u00e9di\u00e9es aux n\u00e9gociations. Il y aura aussi un business center et une salle pour des \u00e9v\u00e9nements.<\/p>\n<p>\u00c0 l\u2019entr\u00e9e du quai Infernet, le premier chapiteau servira de centre m\u00e9dia. C\u2019est l\u00e0 que se d\u00e9rouleront les conf\u00e9rences de presse. Vient ensuite un nouveau barnum, nouvel espace de r\u00e9union sur deux niveaux, au plus pr\u00e8s de l\u2019immense salle pl\u00e9ni\u00e8re. C\u2019est \u00e0 l\u2019arri\u00e8re de ce premier b\u00e2timent semi-provisoire que s\u2019installera la d\u00e9l\u00e9gation du secr\u00e9tariat g\u00e9n\u00e9ral des nations unies. Les chefs d\u2019\u00c9tats fran\u00e7ais et costaricain, les deux pays h\u00f4tes, prendront quant \u00e0 eux leur quartier dans la future gare maritime. Entre les deux, d\u2019autres tentes seront d\u00e9di\u00e9es aux officiels onusiens. Enfin un espace ultra-VIP, au pied de la digue, devrait terminer l\u2019agencement de cette ville dans la ville\u2026 Qui disposera aussi de data centers et de centrales \u00e9lectriques autonomes!<\/p>\n","protected":false},"excerpt":{"rendered":"Sur le port, depuis plusieurs semaines, une arm\u00e9e d\u2019ouvriers s\u2019affaire. Un apr\u00e8s l\u2019autre, de nombreux et imposants chapiteaux&hellip;\n","protected":false},"author":2,"featured_media":113221,"comment_status":"","ping_status":"","sticky":false,"template":"","format":"standard","meta":{"footnotes":""},"categories":[2819],"tags":[1111,11,436,1777,674,1011,27,12,2401,882,25],"class_list":{"0":"post-113220","1":"post","2":"type-post","3":"status-publish","4":"format-standard","5":"has-post-thumbnail","7":"category-nice","8":"tag-actu","9":"tag-actualites","10":"tag-environnement","11":"tag-eu","12":"tag-europe","13":"tag-fr","14":"tag-france","15":"tag-news","16":"tag-nice","17":"tag-provence-alpes-cote-dazur","18":"tag-republique-francaise"},"share_on_mastodon":{"url":"https:\/\/pubeurope.com\/@fr\/114537749761344855","error":""},"_links":{"self":[{"href":"https:\/\/www.europesays.com\/fr\/wp-json\/wp\/v2\/posts\/113220","targetHints":{"allow":["GET"]}}],"collection":[{"href":"https:\/\/www.europesays.com\/fr\/wp-json\/wp\/v2\/posts"}],"about":[{"href":"https:\/\/www.europesays.com\/fr\/wp-json\/wp\/v2\/types\/post"}],"author":[{"embeddable":true,"href":"https:\/\/www.europesays.com\/fr\/wp-json\/wp\/v2\/users\/2"}],"replies":[{"embeddable":true,"href":"https:\/\/www.europesays.com\/fr\/wp-json\/wp\/v2\/comments?post=113220"}],"version-history":[{"count":0,"href":"https:\/\/www.europesays.com\/fr\/wp-json\/wp\/v2\/posts\/113220\/revisions"}],"wp:featuredmedia":[{"embeddable":true,"href":"https:\/\/www.europesays.com\/fr\/wp-json\/wp\/v2\/media\/113221"}],"wp:attachment":[{"href":"https:\/\/www.europesays.com\/fr\/wp-json\/wp\/v2\/media?parent=113220"}],"wp:term":[{"taxonomy":"category","embeddable":true,"href":"https:\/\/www.europesays.com\/fr\/wp-json\/wp\/v2\/categories?post=113220"},{"taxonomy":"post_tag","embeddable":true,"href":"https:\/\/www.europesays.com\/fr\/wp-json\/wp\/v2\/tags?post=113220"}],"curies":[{"name":"wp","href":"https:\/\/api.w.org\/{rel}","templated":true}]}}