{"id":113223,"date":"2025-05-20T02:17:26","date_gmt":"2025-05-20T02:17:26","guid":{"rendered":"https:\/\/www.europesays.com\/fr\/113223\/"},"modified":"2025-05-20T02:17:26","modified_gmt":"2025-05-20T02:17:26","slug":"kalinka-14-ans-a-disparu-pres-de-nantes-sa-famille-et-la-gendarmerie-lancent-un-appel-a-temoins","status":"publish","type":"post","link":"https:\/\/www.europesays.com\/fr\/113223\/","title":{"rendered":"Kalinka, 14 ans, a disparu pr\u00e8s de Nantes\u00a0: sa famille et la gendarmerie lancent un appel \u00e0 t\u00e9moins"},"content":{"rendered":"<p class=\"paragraph text_align_left\">\u00ab Ma s\u0153ur Kalinka a disparu et nous sommes tr\u00e8s inquiets. Nous n\u2019avons plus de nouvelles depuis dimanche 11 mai \u00bb L\u2019a\u00een\u00e9e d\u2019une adolescente de 14 ans lance un appel \u00e0 t\u00e9moins sur les r\u00e9seaux sociaux depuis que Kalinka, sa cadette a quitt\u00e9 le foyer pour enfant de Basse-Goulaine, o\u00f9 elle logeait pr\u00e8s de Nantes (Loire-Atlantique).<\/p>\n<p class=\"paragraph text_align_left\">Voil\u00e0 8 jours que l\u2019adolescente, qui aurait fugu\u00e9, n\u2019a plus donn\u00e9 signe de vie et la gendarmerie de Loire-Atlantique, lance un appel \u00e0 t\u00e9moins ce lundi. Selon les militaires, \u00ab d\u2019importantes recherches sont en cours \u00bb pour retrouver Kalinka, vue pour la derni\u00e8re fois le 11 mai en d\u00e9but d\u2019apr\u00e8s-midi boulevard des Pas Enchant\u00e9s \u00e0 Saint-S\u00e9bastien-sur-Loire. Elle n\u2019a pas de portable sur elle, rendant sa g\u00e9olocalisation impossible.<\/p>\n<p><img decoding=\"async\" class=\"image \" loading=\"lazy\" src=\"https:\/\/www.europesays.com\/fr\/wp-content\/uploads\/2025\/05\/MQ3PZLONFZCUVOWETYM4VBP35E.PNG\" alt=\"Kalinka s'est volatilis\u00e9e de son foyer le 11 mai dernier. DR\" align=\"\" data-rubrique-principale=\"\" data-article-type=\"\" fetchpriority=\"auto\"\/>Kalinka s&rsquo;est volatilis\u00e9e de son foyer le 11 mai dernier. DR<\/p>\n<p class=\"paragraph text_align_left\">Selon l\u2019appel \u00e0 t\u00e9moins des gendarmes, Kalinka mesure 1,57m, \u00ab de corpulence mince \u00bb selon sa s\u0153ur, a les cheveux mi-longs, ch\u00e2tains clairs. La derni\u00e8re fois qu\u2019elle a \u00e9t\u00e9 vue, elle portait une doudoune, un pantalon gris fonc\u00e9 et des baskets blanches. Les t\u00e9moins peuvent joindre la gendarmerie de Basse-Goulaine au 02.40.80.56.93 ou par mail au bta.basse-goulaine@ gendarmerie.interieur.gouv.fr.<\/p>\n<p class=\"lp-card-podcast-highlighting__title  lp-f-subtitle-05\">Affaire Fiona\u00a0: une fillette disparue\u2026 et l\u2019ombre du mensonge<\/p>\n<p class=\"lp-card-podcast-highlighting__description lp-f-ui-05\">Crime story raconte chaque semaine les grandes affaires criminelles.<\/p>\n<p><a class=\"lp-card-podcast-highlighting__call-to-action\" data-page-type=\"HP\" data-block-name=\"podcast-highlight\">\u00c9couter<\/a><\/p>\n<p class=\"paragraph text_align_left\">Selon <a href=\"https:\/\/france3-regions.franceinfo.fr\/pays-de-la-loire\/loire-atlantique\/disparition-inquietante-elle-a-deja-fugue-mais-elle-est-toujours-revenue-kalinka-14-ans-activement-recherchee-3155045.html\" target=\"_blank\" rel=\"noreferrer nofollow noopener\">France 3<\/a>, Kalinka a \u00e9chapp\u00e9 \u00e0 la vigilance des \u00e9ducateurs de la structure qui accueille des mineurs victimes de violences intrafamiliales. La fillette a \u00e9t\u00e9 plac\u00e9e d\u00e8s ses 6 ans par l\u2019aide sociale. \u00ab \u00c0 chaque fois qu\u2019elle quittait sans pr\u00e9venir la maison d\u2019enfants, Kalinka revenait toujours quelques heures plus tard \u00bb, confie sa s\u0153ur \u00e0 la cha\u00eene r\u00e9gionale.<\/p>\n","protected":false},"excerpt":{"rendered":"\u00ab Ma s\u0153ur Kalinka a disparu et nous sommes tr\u00e8s inquiets. Nous n\u2019avons plus de nouvelles depuis dimanche&hellip;\n","protected":false},"author":2,"featured_media":113224,"comment_status":"","ping_status":"","sticky":false,"template":"","format":"standard","meta":{"footnotes":""},"categories":[2818],"tags":[1111,11,459,1777,674,118,1011,27,766,12,2636,25],"class_list":{"0":"post-113223","1":"post","2":"type-post","3":"status-publish","4":"format-standard","5":"has-post-thumbnail","7":"category-nantes","8":"tag-actu","9":"tag-actualites","10":"tag-departements-horsidfo","11":"tag-eu","12":"tag-europe","13":"tag-faits-divers","14":"tag-fr","15":"tag-france","16":"tag-nantes","17":"tag-news","18":"tag-pays-de-la-loire","19":"tag-republique-francaise"},"share_on_mastodon":{"url":"https:\/\/pubeurope.com\/@fr\/114537761544014869","error":""},"_links":{"self":[{"href":"https:\/\/www.europesays.com\/fr\/wp-json\/wp\/v2\/posts\/113223","targetHints":{"allow":["GET"]}}],"collection":[{"href":"https:\/\/www.europesays.com\/fr\/wp-json\/wp\/v2\/posts"}],"about":[{"href":"https:\/\/www.europesays.com\/fr\/wp-json\/wp\/v2\/types\/post"}],"author":[{"embeddable":true,"href":"https:\/\/www.europesays.com\/fr\/wp-json\/wp\/v2\/users\/2"}],"replies":[{"embeddable":true,"href":"https:\/\/www.europesays.com\/fr\/wp-json\/wp\/v2\/comments?post=113223"}],"version-history":[{"count":0,"href":"https:\/\/www.europesays.com\/fr\/wp-json\/wp\/v2\/posts\/113223\/revisions"}],"wp:featuredmedia":[{"embeddable":true,"href":"https:\/\/www.europesays.com\/fr\/wp-json\/wp\/v2\/media\/113224"}],"wp:attachment":[{"href":"https:\/\/www.europesays.com\/fr\/wp-json\/wp\/v2\/media?parent=113223"}],"wp:term":[{"taxonomy":"category","embeddable":true,"href":"https:\/\/www.europesays.com\/fr\/wp-json\/wp\/v2\/categories?post=113223"},{"taxonomy":"post_tag","embeddable":true,"href":"https:\/\/www.europesays.com\/fr\/wp-json\/wp\/v2\/tags?post=113223"}],"curies":[{"name":"wp","href":"https:\/\/api.w.org\/{rel}","templated":true}]}}