{"id":1132262,"date":"2026-08-17T11:17:16","date_gmt":"2026-08-17T11:17:16","guid":{"rendered":"https:\/\/www.europesays.com\/fr\/1132262\/"},"modified":"2026-08-17T11:17:16","modified_gmt":"2026-08-17T11:17:16","slug":"metropole-de-lyon-trois-defenestrations-en-24-heures-deux-morts-et-une-blessee-grave","status":"publish","type":"post","link":"https:\/\/www.europesays.com\/fr\/1132262\/","title":{"rendered":"M\u00e9tropole de Lyon. Trois d\u00e9fenestrations en 24 heures\u00a0: deux morts et une bless\u00e9e grave"},"content":{"rendered":"<p>Le drame s\u2019est produit dans la nuit du dimanche\u00a016 au lundi 17\u00a0ao\u00fbt. Un homme de 57 ans a perdu la vie en se d\u00e9fenestrant de son appartement, au 7e \u00e9tage d\u2019un immeuble situ\u00e9 dans le secteur Flachet, \u00e0 Villeurbanne. Le domicile de la victime \u00e9tant verrouill\u00e9 \u00e0 leur arriv\u00e9e, les secours ont d\u00e9ploy\u00e9 une grande \u00e9chelle afin de p\u00e9n\u00e9trer \u00e0 l\u2019int\u00e9rieur du logement. Selon nos informations, s\u2019y trouvaient des taches de sang, un cutter et une lettre afin d\u2019expliquer son geste d\u00e9sesp\u00e9r\u00e9. Une enqu\u00eate a toutefois \u00e9t\u00e9 ouverte pour recherches des causes de la mort.<\/p>\n<p>  Deux autres d\u00e9fenestrations dans la m\u00eame journ\u00e9e<\/p>\n<p>Un peu plus t\u00f4t dans la journ\u00e9e, vers 18 heures, c\u2019est dans le quartier de la <a href=\"https:\/\/www.leprogres.fr\/p\/la-guillotiere\" target=\"_blank\" rel=\"nofollow noopener\">Guilloti\u00e8re<\/a>, dans le septi\u00e8me arrondissement de Lyon, qu\u2019une femme de 23 ans aurait tent\u00e9 de mettre fin \u00e0 ses jours. Elle se serait \u00e9galement d\u00e9fenestr\u00e9e de son appartement situ\u00e9 au premier \u00e9tage d\u2019un immeuble de la rue Rachais. Prise en charge par les secours, la jeune victime a \u00e9t\u00e9 transport\u00e9e \u00e0 l\u2019h\u00f4pital avec un pronostic vital engag\u00e9. Une enqu\u00eate est en cours pour d\u00e9couverte d\u2019une personne gri\u00e8vement bless\u00e9e.<\/p>\n<p>Ces deux faits interviennent apr\u00e8s une autre chute mortelle \u00e9voqu\u00e9e  dimanche. Toujours, vers 14\u00a0h\u00a030, une femme \u00e2g\u00e9e de 50 ans <a href=\"https:\/\/www.leprogres.fr\/faits-divers-justice\/2026\/08\/16\/apres-une-chute-du-4-sup-e-sup-etage-une-femme-de-50-ans-est-decedee-a-givors\" target=\"_blank\" rel=\"nofollow noopener\">a chut\u00e9 du 4e \u00e9tage d\u2019un immeuble situ\u00e9 sur la rue Casanova \u00e0 Givors<\/a>. Un \u00e9quipage du SAMU est arriv\u00e9 par h\u00e9licopt\u00e8re mais la malheureuse \u00e9tait d\u00e9j\u00e0 d\u00e9c\u00e9d\u00e9e quand il s\u2019est pos\u00e9. Les premiers \u00e9l\u00e9ments d\u2019informations recueillis sur place laissent penser qu\u2019il pourrait s\u2019agir, l\u00e0 encore, d\u2019un suicide.<\/p>\n<p>  Une r\u00e9currence qui interroge<\/p>\n<p>La multiplicit\u00e9 d\u2019actes d\u00e9sesp\u00e9r\u00e9s, derni\u00e8rement et dans toute la M\u00e9tropole de Lyon, ne manque pas d\u2019interroger. Dans la nuit du lundi\u00a010 au mardi 11\u00a0ao\u00fbt, <a href=\"https:\/\/www.leprogres.fr\/faits-divers-justice\/2026\/08\/11\/une-femme-entre-la-vie-et-la-mort-apres-avoir-chute-du-3e-etage-pres-de-lyon\" target=\"_blank\" rel=\"nofollow noopener\">une femme s\u2019est d\u00e9fenestr\u00e9e<\/a> de son appartement, au troisi\u00e8me \u00e9tage d\u2019un immeuble situ\u00e9 \u00e0 Caluire-et-Cuire. Prise en charge par les secours, elle avait dans un premier temps \u00e9t\u00e9 transport\u00e9e \u00e0 l\u2019h\u00f4pital avec son pronostic vital engag\u00e9. Mais son \u00e9tat s\u2019\u00e9tait heureusement am\u00e9lior\u00e9 d\u00e8s le lendemain et la victime semblait tir\u00e9e d\u2019affaire.<\/p>\n<p>Enfin, dans la nuit du mercredi\u00a022 au jeudi 23\u00a0juillet, la police est intervenue avenue des Martyrs de la R\u00e9sistance, \u00e0 V\u00e9nissieux, aux alentours de 4 heures du matin. Le corps sans vie d\u2019un adolescent a \u00e9t\u00e9 retrouv\u00e9 en bas de la tour dans laquelle il vivait. La th\u00e8se du suicide, privil\u00e9gi\u00e9e aux premiers stades des investigations, avait \u00e9t\u00e9 confirm\u00e9e peu de temps apr\u00e8s.<\/p>\n<p class=\"note\">Le num\u00e9ro national de pr\u00e9vention du suicide, le 3114, accessible 24\u00a0heures\/24 et 7j\/7, gratuitement, partout en France, propose un accompagnement et une \u00e9coute par un professionnel du soin, sp\u00e9cifiquement form\u00e9 \u00e0 la pr\u00e9vention du suicide.<\/p>\n","protected":false},"excerpt":{"rendered":"Le drame s\u2019est produit dans la nuit du dimanche\u00a016 au lundi 17\u00a0ao\u00fbt. Un homme de 57 ans a&hellip;\n","protected":false},"author":2,"featured_media":1132263,"comment_status":"","ping_status":"","sticky":false,"template":"","format":"standard","meta":{"footnotes":"","_share_on_mastodon":"0"},"categories":[1889],"tags":[119,1111,11,2430,2757,1777,674,274,1011,27,2428,5947,5946,12,25,2429],"class_list":["post-1132262","post","type-post","status-publish","format-standard","has-post-thumbnail","category-lyon","tag-accident","tag-actu","tag-actualites","tag-auvergne-rhone-alpes","tag-edition-lyon-villeurbanne","tag-eu","tag-europe","tag-faits-divers-justice","tag-fr","tag-france","tag-lyon","tag-lyon-7e","tag-lyon-7e-arrondissement","tag-news","tag-republique-francaise","tag-rhone"],"share_on_mastodon":{"url":"https:\/\/pubeurope.com\/@fr\/117110574206609367","error":""},"_links":{"self":[{"href":"https:\/\/www.europesays.com\/fr\/wp-json\/wp\/v2\/posts\/1132262","targetHints":{"allow":["GET"]}}],"collection":[{"href":"https:\/\/www.europesays.com\/fr\/wp-json\/wp\/v2\/posts"}],"about":[{"href":"https:\/\/www.europesays.com\/fr\/wp-json\/wp\/v2\/types\/post"}],"author":[{"embeddable":true,"href":"https:\/\/www.europesays.com\/fr\/wp-json\/wp\/v2\/users\/2"}],"replies":[{"embeddable":true,"href":"https:\/\/www.europesays.com\/fr\/wp-json\/wp\/v2\/comments?post=1132262"}],"version-history":[{"count":0,"href":"https:\/\/www.europesays.com\/fr\/wp-json\/wp\/v2\/posts\/1132262\/revisions"}],"wp:featuredmedia":[{"embeddable":true,"href":"https:\/\/www.europesays.com\/fr\/wp-json\/wp\/v2\/media\/1132263"}],"wp:attachment":[{"href":"https:\/\/www.europesays.com\/fr\/wp-json\/wp\/v2\/media?parent=1132262"}],"wp:term":[{"taxonomy":"category","embeddable":true,"href":"https:\/\/www.europesays.com\/fr\/wp-json\/wp\/v2\/categories?post=1132262"},{"taxonomy":"post_tag","embeddable":true,"href":"https:\/\/www.europesays.com\/fr\/wp-json\/wp\/v2\/tags?post=1132262"}],"curies":[{"name":"wp","href":"https:\/\/api.w.org\/{rel}","templated":true}]}}