{"id":113227,"date":"2025-05-20T02:19:12","date_gmt":"2025-05-20T02:19:12","guid":{"rendered":"https:\/\/www.europesays.com\/fr\/113227\/"},"modified":"2025-05-20T02:19:12","modified_gmt":"2025-05-20T02:19:12","slug":"le-talk-lavenir-des-girondins-en-suspens-bordeaux-muscle-son-jeu-face-a-gerard-lopez","status":"publish","type":"post","link":"https:\/\/www.europesays.com\/fr\/113227\/","title":{"rendered":"Le Talk : l&rsquo;avenir des Girondins en suspens, Bordeaux muscle son jeu face \u00e0 G\u00e9rard Lopez"},"content":{"rendered":"<p><img decoding=\"async\" src=\"https:\/\/www.europesays.com\/fr\/wp-content\/uploads\/2025\/04\/671_89132610973d8a7e10af26016efd81f3.jpg\" alt=\"Le Talk : l'avenir des Girondins en suspens, Bordeaux muscle son jeu face \u00e0 G\u00e9rard Lopez\" class=\"img-responsive mt-3\"\/><\/p>\n<p class=\"text-center mb-3\" style=\"font-size: 14px\">\u00a9 Iconsport<\/p>\n<p style=\"text-align: justify;\">Cette \u00e9mission est plac\u00e9e sous le signe du d\u00e9bat, de l&rsquo;information et de l&rsquo;analyse.<\/p>\n<p class=\"p1\">\u00c9mission diffus\u00e9e sur la <a href=\"https:\/\/www.youtube.com\/@WebGirondins33\" target=\"_blank\" rel=\"noopener nofollow\">cha\u00eene YouTube de WebGirondins<\/a>.<\/p>\n<p>Ce navigateur ne supporte pas les iframes<\/p>\n<p class=\"p1\" style=\"text-align: justify;\">Ils sont pr\u00e9sents : le journaliste Samuel Vaslin, le supporters et chroniqueurs Jonathan d&rsquo;Agostino et Djino Fort\u00e9, avec Nicolas Pietrelli \u00e0 la pr\u00e9sentation.<\/p>\n<p class=\"p1\" style=\"text-align: justify;\">\u00c9mission r\u00e9alis\u00e9e avec le <a href=\"https:\/\/fr.tipeee.com\/webgirondins\" target=\"_blank\" rel=\"noopener nofollow\">soutien des socios<\/a>.<\/p>\n<p class=\"p1\" style=\"text-align: justify;\">Le programme :<\/p>\n<p class=\"p1\"><img decoding=\"async\" src=\"https:\/\/www.europesays.com\/fr\/wp-content\/uploads\/2025\/05\/INFOGRAPHIES E\u0301MISSIONS (5).jpg\" alt=\"INFOGRAPHIES E\u0301MISSIONS (5).jpg (118 KB)\" style=\"width:700px;max-width:100%;\"\/><\/p>\n<p>\u00a0<\/p>\n<p>\u00a0<\/p>\n","protected":false},"excerpt":{"rendered":"\u00a9 Iconsport Cette \u00e9mission est plac\u00e9e sous le signe du d\u00e9bat, de l&rsquo;information et de l&rsquo;analyse. \u00c9mission diffus\u00e9e&hellip;\n","protected":false},"author":2,"featured_media":10861,"comment_status":"","ping_status":"","sticky":false,"template":"","format":"standard","meta":{"footnotes":""},"categories":[2817],"tags":[23286,1111,11,3232,1997,814,1777,674,23285,2823,3395,1011,27,8294,1987,8295,9865,12740,12,2043,2219,25,3389,7499,5237,23284,5234,5238],"class_list":{"0":"post-113227","1":"post","2":"type-post","3":"status-publish","4":"format-standard","5":"has-post-thumbnail","7":"category-bordeaux","8":"tag-abordes","9":"tag-actu","10":"tag-actualites","11":"tag-avenir","12":"tag-bordeaux","13":"tag-direct","14":"tag-eu","15":"tag-europe","16":"tag-extrasportifs","17":"tag-face","18":"tag-fois","19":"tag-fr","20":"tag-france","21":"tag-gerard","22":"tag-girondins","23":"tag-lopez","24":"tag-lundi","25":"tag-muscle","26":"tag-news","27":"tag-nouvelle","28":"tag-nouvelle-aquitaine","29":"tag-republique-francaise","30":"tag-seront","31":"tag-sportif","32":"tag-suivez","33":"tag-suspens","34":"tag-talk","35":"tag-webgirondins"},"share_on_mastodon":{"url":"https:\/\/pubeurope.com\/@fr\/114537769456159240","error":""},"_links":{"self":[{"href":"https:\/\/www.europesays.com\/fr\/wp-json\/wp\/v2\/posts\/113227","targetHints":{"allow":["GET"]}}],"collection":[{"href":"https:\/\/www.europesays.com\/fr\/wp-json\/wp\/v2\/posts"}],"about":[{"href":"https:\/\/www.europesays.com\/fr\/wp-json\/wp\/v2\/types\/post"}],"author":[{"embeddable":true,"href":"https:\/\/www.europesays.com\/fr\/wp-json\/wp\/v2\/users\/2"}],"replies":[{"embeddable":true,"href":"https:\/\/www.europesays.com\/fr\/wp-json\/wp\/v2\/comments?post=113227"}],"version-history":[{"count":0,"href":"https:\/\/www.europesays.com\/fr\/wp-json\/wp\/v2\/posts\/113227\/revisions"}],"wp:featuredmedia":[{"embeddable":true,"href":"https:\/\/www.europesays.com\/fr\/wp-json\/wp\/v2\/media\/10861"}],"wp:attachment":[{"href":"https:\/\/www.europesays.com\/fr\/wp-json\/wp\/v2\/media?parent=113227"}],"wp:term":[{"taxonomy":"category","embeddable":true,"href":"https:\/\/www.europesays.com\/fr\/wp-json\/wp\/v2\/categories?post=113227"},{"taxonomy":"post_tag","embeddable":true,"href":"https:\/\/www.europesays.com\/fr\/wp-json\/wp\/v2\/tags?post=113227"}],"curies":[{"name":"wp","href":"https:\/\/api.w.org\/{rel}","templated":true}]}}