{"id":113243,"date":"2025-05-20T02:29:20","date_gmt":"2025-05-20T02:29:20","guid":{"rendered":"https:\/\/www.europesays.com\/fr\/113243\/"},"modified":"2025-05-20T02:29:20","modified_gmt":"2025-05-20T02:29:20","slug":"valerie-pecresse-negocie-un-deal-a-8-milliards-avec-abou-dhabi","status":"publish","type":"post","link":"https:\/\/www.europesays.com\/fr\/113243\/","title":{"rendered":"Val\u00e9rie P\u00e9cresse n\u00e9gocie un deal \u00e0 8 milliards avec Abou Dhabi"},"content":{"rendered":"<p><strong>EXCLUSIF.<\/strong>\u00a0Les annonces\u00a0du pr\u00e9sident Macron au Sommet sur l&rsquo;action pour l&rsquo;intelligence artificielle sont-elles en train de se concr\u00e9tiser\u00a0? En f\u00e9vrier dernier, le chef de l&rsquo;\u00c9tat avait annonc\u00e9 une enveloppe de 109 milliards d&rsquo;euros d&rsquo;investissements \u00e9trangers dans l&rsquo;IA. Parmi lesquels, un accord-cadre avec les \u00c9mirats arabes unis pr\u00eats \u00e0 investir entre 30 et 50 milliards via leur fonds MGX, situ\u00e9 \u00e0 Abou Dhabi. Le pays du Golfe annon\u00e7ant alors vouloir b\u00e2tir un\u00a0data center\u00a0dont la localisation n&rsquo;\u00e9tait alors pas connue.<\/p>\n<p>Selon toute vraisemblance, ce centre de donn\u00e9es ainsi qu&rsquo;un supercalculateur devraient voir le jour en \u00cele-de-France. D\u00e8s 2024, la pr\u00e9sidente (LR) du conseil r\u00e9gional Val\u00e9rie P\u00e9cresse a rencontr\u00e9, \u00e0 Abou Dhabi, le fonds souverain Mubadala, coactionnaire de MGX aux c\u00f4t\u00e9s de la holding \u00e9miratie G42 sp\u00e9cialis\u00e9e dans l&rsquo;intelligence artificielle. La patronne du conseil r\u00e9gional et MGX se sont ensuite revus \u00e0 Paris en d\u00e9but d&rsquo;ann\u00e9e.<\/p>\n","protected":false},"excerpt":{"rendered":"EXCLUSIF.\u00a0Les annonces\u00a0du pr\u00e9sident Macron au Sommet sur l&rsquo;action pour l&rsquo;intelligence artificielle sont-elles en train de se concr\u00e9tiser\u00a0? En&hellip;\n","protected":false},"author":2,"featured_media":113244,"comment_status":"","ping_status":"","sticky":false,"template":"","format":"standard","meta":{"footnotes":""},"categories":[1592],"tags":[17,1111,11,22295,10083,1777,674,1011,27,662,10260,23288,12,626,23287,25,1807,22102],"class_list":{"0":"post-113243","1":"post","2":"type-post","3":"status-publish","4":"format-standard","5":"has-post-thumbnail","7":"category-ile-de-france","8":"tag-17","9":"tag-actu","10":"tag-actualites","11":"tag-choose","12":"tag-deal","13":"tag-eu","14":"tag-europe","15":"tag-fr","16":"tag-france","17":"tag-ile-de-france","18":"tag-milliards","19":"tag-negocie","20":"tag-news","21":"tag-paris","22":"tag-pecresse","23":"tag-republique-francaise","24":"tag-technos-medias","25":"tag-valerie"},"share_on_mastodon":{"url":"https:\/\/pubeurope.com\/@fr\/114537808804336104","error":""},"_links":{"self":[{"href":"https:\/\/www.europesays.com\/fr\/wp-json\/wp\/v2\/posts\/113243","targetHints":{"allow":["GET"]}}],"collection":[{"href":"https:\/\/www.europesays.com\/fr\/wp-json\/wp\/v2\/posts"}],"about":[{"href":"https:\/\/www.europesays.com\/fr\/wp-json\/wp\/v2\/types\/post"}],"author":[{"embeddable":true,"href":"https:\/\/www.europesays.com\/fr\/wp-json\/wp\/v2\/users\/2"}],"replies":[{"embeddable":true,"href":"https:\/\/www.europesays.com\/fr\/wp-json\/wp\/v2\/comments?post=113243"}],"version-history":[{"count":0,"href":"https:\/\/www.europesays.com\/fr\/wp-json\/wp\/v2\/posts\/113243\/revisions"}],"wp:featuredmedia":[{"embeddable":true,"href":"https:\/\/www.europesays.com\/fr\/wp-json\/wp\/v2\/media\/113244"}],"wp:attachment":[{"href":"https:\/\/www.europesays.com\/fr\/wp-json\/wp\/v2\/media?parent=113243"}],"wp:term":[{"taxonomy":"category","embeddable":true,"href":"https:\/\/www.europesays.com\/fr\/wp-json\/wp\/v2\/categories?post=113243"},{"taxonomy":"post_tag","embeddable":true,"href":"https:\/\/www.europesays.com\/fr\/wp-json\/wp\/v2\/tags?post=113243"}],"curies":[{"name":"wp","href":"https:\/\/api.w.org\/{rel}","templated":true}]}}