{"id":11326,"date":"2025-04-08T23:11:12","date_gmt":"2025-04-08T23:11:12","guid":{"rendered":"https:\/\/www.europesays.com\/fr\/11326\/"},"modified":"2025-04-08T23:11:12","modified_gmt":"2025-04-08T23:11:12","slug":"dominique-lagrou-sempere-revient-sur-son-depart-de-tf1","status":"publish","type":"post","link":"https:\/\/www.europesays.com\/fr\/11326\/","title":{"rendered":"Dominique Lagrou-Semp\u00e8re revient sur son d\u00e9part de TF1"},"content":{"rendered":"<p>    Dominique Lagrou-Semp\u00e8re dans sa cha\u00eene YouTube Entre vous et moi.<br \/>\n                Capture d&rsquo;\u00e9cran.<\/p>\n<p>Fin 2020, alors que Jean-Pierre Pernaut abandonnait les commandes du journal de 13 heures de la Une, la journaliste a pr\u00e9f\u00e9r\u00e9 claquer la porte apr\u00e8s ne pas avoir \u00e9t\u00e9 choisie pour lui succ\u00e9der.<\/p>\n<p class=\"fig-paragraph\">Les ann\u00e9es ont pass\u00e9, pourtant\u00a0<a href=\"https:\/\/www.lefigaro.fr\/tag\/dominique-lagrou-sempere\" target=\"_blank\" rel=\"noopener nofollow\" data-gtm-custom-categorie=\"navigation\" data-gtm-custom-action=\"crossclick\" data-gtm-custom-label=\"Contextuel\" data-gtm-event=\"customEventSPE\"><strong>Dominique Lagrou-Semp\u00e8re<\/strong><\/a> \u00a0l\u2019a toujours en travers de la gorge. La journaliste qui officie d\u00e9sormais sur YouTube a profit\u00e9 de sa cha\u00eene Entre vous et moi pour revenir sur son d\u00e9part de TF1. Le 15 septembre 2020, Jean-Pierre Pernaut a surpris tout le monde en annon\u00e7ant son d\u00e9part du journal de 13 heures. La journaliste, qui \u00e9tait sa collaboratrice pour les op\u00e9rations telles que \u00ab Votre plus beau march\u00e9\u00a0\u00bb ou \u00ab SOS Villages\u00a0\u00bb et consid\u00e9r\u00e9e comme la favorite pour lui succ\u00e9der, avait manifest\u00e9 aupr\u00e8s de la direction de la cha\u00eene son d\u00e9sir de prendre les commandes du journal. Mais celle-ci lui avait pr\u00e9f\u00e9r\u00e9 Marie-Sophie Lacarrau.<\/p>\n<p class=\"fig-paragraph\">\u00ab \u00c9videmment que j\u2019aurais ador\u00e9 prendre sa suite parce qu\u2019on \u00e9tait faits du m\u00eame bois [&#8230;] et \u00e7a aurait \u00e9t\u00e9 un grand honneur et un grand bonheur, mais \u00e7a ne s\u2019est pas fait\u00a0\u00bb, a-t-elle rappel\u00e9 soulignant accepter les choix de la direction de TF1. Toutefois, Dominique Lagrou-Semp\u00e8re a avou\u00e9 \u00eatre d\u00e9\u00e7ue et triste. \u00ab Je n\u2019ai pas compris et peut-\u00eatre je me suis sentie incomprise par celles et ceux \u00e0 qui j\u2019avais tout donn\u00e9. C\u2019est difficile de revenir sur cet \u00e9pisode pour moi, j\u2019en ai jamais parl\u00e9, parce que \u00e7a fait partie de cette aspiration vers le trou noir. Je perdais mon homme, Claude, je perdais mon bin\u00f4me professionnel et je perdais ce pour quoi j\u2019\u00e9tais pr\u00eate sur la cha\u00eene que j\u2019aimais et sur une \u00e9dition qui me correspondait\u00a0\u00bb, a-t-elle soulign\u00e9.<\/p>\n<p class=\"fig-body-link\">\n            \u00c0 lire aussi<br \/>\n        <a class=\"fig-body-link__link\" href=\"https:\/\/tvmag.lefigaro.fr\/programme-tv\/dominique-lagrou-sempere-ne-fait-plus-partie-du-13-heures-de-tf1_b1828df4-3256-11ec-aa05-6227ccb2907a\" target=\"_blank\" data-fig-type=\"Article\" rel=\"noopener nofollow\" data-gtm-custom-categorie=\"navigation\" data-gtm-custom-action=\"crossclick\" data-gtm-custom-label=\"Contextuel\" data-gtm-event=\"customEventSPE\" data-fig-domain=\"TVMAG\">Dominique Lagrou-Sempere ne \u00abfait plus partie\u00bb du 13 heures de TF1<br \/>\n    <\/a>\n<\/p>\n<p class=\"fig-paragraph\">Deux choix se sont alors offerts \u00e0 Dominique Lagrou-Semp\u00e8re\u00a0: rester et continuer \u00e0 faire ce qu\u2019elle faisait ou \u00ab commencer \u00e0 se respecter soi-m\u00eame\u00a0\u00bb. \u00ab Mais moi je ne suis pas de celles qui vont continuer dans l\u2019ombre et retourner dans ce que je faisais avant. [&#8230;] Et \u00e0 partir du moment o\u00f9 on vous propose du 39 et que vous faites du 40, vous n\u2019entrez plus dans la chaussure. \u00c0 partir de ce moment-l\u00e0, je n\u2019ai plus d\u00e9cid\u00e9 de mettre du 39. Il faut avoir le courage de ses valeurs et le courage de dire\u00a0: \u201cC\u2019est termin\u00e9\u201d\u00a0\u00bb, a-t-elle d\u00e9clar\u00e9.<\/p>\n<p class=\"fig-paragraph\">Si Jean-Pierre Pernaut avait fait ses adieux en grande pompe, Dominique Lagrou-Semp\u00e8re a, elle, quitt\u00e9 le journal de 13 heures sans avoir pu dire un mot aux t\u00e9l\u00e9spectateurs. Presque cinq ans apr\u00e8s, la journaliste de 51 ans en garde un profond regret. \u00ab Mon d\u00e9part a \u00e9t\u00e9 douloureux et mon au revoir \u00e0 TF1 n\u2019a pas \u00e9t\u00e9 celui que j\u2019esp\u00e9rais. [&#8230;] J\u2019ai l\u2019impression d\u2019\u00eatre partie comme une voleuse alors que si vous saviez comme j\u2019aurais aim\u00e9 rester\u00a0\u00bb, a-t-elle affirm\u00e9.<\/p>\n<p>\u00a0\u00bb<br \/>\n        data-script=\u00a0\u00bbhttps:\/\/static.lefigaro.fr\/widget-video\/short-ttl\/video\/index.js\u00a0\u00bb<br \/>\n    &gt;<\/p>\n","protected":false},"excerpt":{"rendered":"Dominique Lagrou-Semp\u00e8re dans sa cha\u00eene YouTube Entre vous et moi. Capture d&rsquo;\u00e9cran. Fin 2020, alors que Jean-Pierre Pernaut&hellip;\n","protected":false},"author":2,"featured_media":11327,"comment_status":"","ping_status":"","sticky":false,"template":"","format":"standard","meta":{"footnotes":""},"categories":[1359],"tags":[497,496,499,58,59,1011,27,3350,5419,500,504,505,495,973,503,502,501,199,498],"class_list":{"0":"post-11326","1":"post","2":"type-post","3":"status-publish","4":"format-standard","5":"has-post-thumbnail","7":"category-people","8":"tag-actu-tv","9":"tag-actualite-tv","10":"tag-buzz-tv","11":"tag-divertissement","12":"tag-entertainment","13":"tag-fr","14":"tag-france","15":"tag-jean-pierre-pernaut","16":"tag-journal-televise","17":"tag-medias","18":"tag-news-tele","19":"tag-news-television","20":"tag-news-tv","21":"tag-people","22":"tag-programme-tele","23":"tag-programme-tv","24":"tag-quiz-tv","25":"tag-tf1","26":"tag-tv-actu"},"share_on_mastodon":{"url":"https:\/\/pubeurope.com\/@fr\/114304875463052425","error":""},"_links":{"self":[{"href":"https:\/\/www.europesays.com\/fr\/wp-json\/wp\/v2\/posts\/11326","targetHints":{"allow":["GET"]}}],"collection":[{"href":"https:\/\/www.europesays.com\/fr\/wp-json\/wp\/v2\/posts"}],"about":[{"href":"https:\/\/www.europesays.com\/fr\/wp-json\/wp\/v2\/types\/post"}],"author":[{"embeddable":true,"href":"https:\/\/www.europesays.com\/fr\/wp-json\/wp\/v2\/users\/2"}],"replies":[{"embeddable":true,"href":"https:\/\/www.europesays.com\/fr\/wp-json\/wp\/v2\/comments?post=11326"}],"version-history":[{"count":0,"href":"https:\/\/www.europesays.com\/fr\/wp-json\/wp\/v2\/posts\/11326\/revisions"}],"wp:featuredmedia":[{"embeddable":true,"href":"https:\/\/www.europesays.com\/fr\/wp-json\/wp\/v2\/media\/11327"}],"wp:attachment":[{"href":"https:\/\/www.europesays.com\/fr\/wp-json\/wp\/v2\/media?parent=11326"}],"wp:term":[{"taxonomy":"category","embeddable":true,"href":"https:\/\/www.europesays.com\/fr\/wp-json\/wp\/v2\/categories?post=11326"},{"taxonomy":"post_tag","embeddable":true,"href":"https:\/\/www.europesays.com\/fr\/wp-json\/wp\/v2\/tags?post=11326"}],"curies":[{"name":"wp","href":"https:\/\/api.w.org\/{rel}","templated":true}]}}