{"id":113261,"date":"2025-05-20T02:38:08","date_gmt":"2025-05-20T02:38:08","guid":{"rendered":"https:\/\/www.europesays.com\/fr\/113261\/"},"modified":"2025-05-20T02:38:08","modified_gmt":"2025-05-20T02:38:08","slug":"en-allemagne-la-peur-panique-de-froisser-donald-trump","status":"publish","type":"post","link":"https:\/\/www.europesays.com\/fr\/113261\/","title":{"rendered":"En Allemagne, la peur panique de froisser Donald Trump"},"content":{"rendered":"<p><strong>ANALYSE &#8211; <\/strong>Le gouvernement allemand a annonc\u00e9 qu\u2019il \u00e9tait pr\u00eat \u00e0 consacrer 5\u00a0% de son PIB aux d\u00e9penses de d\u00e9fense, r\u00e9pondant ainsi \u00e0 l\u2019exigence formul\u00e9e par Donald Trump. Cette d\u00e9claration traduit la crainte de Berlin de voir s\u2019acc\u00e9l\u00e9rer le mouvement isolationniste amorc\u00e9 par Trump.<\/p>\n<p class=\"fig-paragraph\">Friedrich Merz en r\u00eave\u00a0: une tourn\u00e9e en compagnie de\u00a0<a href=\"http:\/\/www.lefigaro.fr\/conjoncture\/face-au-seisme-declenche-par-donald-trump-l-afrique-cherche-un-sursaut-20250518\" data-fig-type=\"Article\" data-gtm-custom-categorie=\"navigation\" data-gtm-custom-action=\"crossclick\" data-gtm-custom-label=\"Contextuel\" data-gtm-event=\"customEventSPE\" data-fig-domain=\"LEFIGARO\" target=\"_blank\" rel=\"noopener\">Donald Trump<\/a>\u00a0\u00e0 Kallstadt, le village allemand des anc\u00eatres du pr\u00e9sident am\u00e9ricain, sur la route des vignobles de Rh\u00e9nanie-Palatinat. \u00ab\u00a0J\u2019irai avec lui\u00a0\u00bb, a d\u00e9j\u00e0 pr\u00e9vu le chancelier, esp\u00e9rant ainsi r\u00e9ussir l\u00e0 o\u00f9\u00a0<a href=\"http:\/\/www.lefigaro.fr\/vox\/societe\/un-chef-d-oeuvre-de-memoire-selective-le-livre-d-angela-merkel-un-anti-manuel-pour-l-europe-20250213\" data-fig-type=\"Article\" data-gtm-custom-categorie=\"navigation\" data-gtm-custom-action=\"crossclick\" data-gtm-custom-label=\"Contextuel\" data-gtm-event=\"customEventSPE\" data-fig-domain=\"LEFIGARO\" target=\"_blank\" rel=\"noopener\">Angela Merkel<\/a>\u00a0a maintes fois \u00e9chou\u00e9\u00a0: attirer le milliardaire sur les terres du Rhin, que ses grands-parents ont quitt\u00e9 \u00e0 la fin du XIXe\u00a0si\u00e8cle pour rejoindre New York. M\u00eame si elle n\u2019est pas honor\u00e9e, l\u2019invitation a \u00e9t\u00e9 lanc\u00e9e, et le geste t\u00e9moigne de la continuit\u00e9 affich\u00e9e par le nouveau chancelier \u00e0 l\u2019\u00e9gard du lien transatlantique, voire de sa r\u00e9sistance croissante \u00e0 s\u2019affranchir du parrainage am\u00e9ricain.<\/p>\n<p class=\"fig-paragraph\">Apr\u00e8s les longues semaines de la campagne \u00e9lectorale, laissant penser que Friedrich Merz tirait les cons\u00e9quences du repli op\u00e9r\u00e9 par Washington, l\u2019ex-candidat semble se replacer dans les traces de ses pr\u00e9d\u00e9cesseurs. En fin de mandat, particuli\u00e8rement malmen\u00e9e par Donald Trump, Angela Merkel s\u2019\u00e9tait demand\u00e9 s\u2019il \u00e9tait\u2026<\/p>\n<p class=\"fig-premium-paywall__infos\">\n        Cet article est r\u00e9serv\u00e9 aux abonn\u00e9s.        Il vous reste 77% \u00e0 d\u00e9couvrir.\n    <\/p>\n<p>                <img  data- alt=\"Le Figaro\" class=\"fig-img--complete fig-img\"\/><\/p>\n<p class=\"fig-premium-paywall__title\">Vente Flash<\/p>\n<p class=\"fig-premium-paywall__subtitle\">4,99\u20ac par mois pendant 12 mois. Sans engagement.<\/p>\n<p class=\"fig-premium-paywall__connect\">\n                D\u00e9j\u00e0 abonn\u00e9\u00a0?                <a class=\"fig-premium-paywall__connect-link\" href=\"https:\/\/connect.lefigaro.fr\/login?client=horizon_web&amp;type=main&amp;redirect_uri=https%3A%2F%2Fwww.lefigaro.fr%2Fvox%2Fmonde%2Fen-allemagne-la-peur-panique-de-froisser-donald-trump-20250520\" data-js-gtm=\"{&quot;customCategorie&quot;: &quot;conversion&quot;, &quot;customAction&quot;: &quot;before_Landing_Connexion_paywall_auto&quot;, &quot;customLabel&quot;: &quot;bGVmaWdhcm8uZnJfXzFmMDM0YjMxLWMxNGUtNjAyZS04ODU3LWVmODBiNDZhYzlhMl9fQXJ0aWNsZQ==_En Allemagne, la peur panique de froisser Donald Trump_312&quot;, &quot;customIDSPE&quot;: &quot;bGVmaWdhcm8uZnJfXzFmMDM0YjMxLWMxNGUtNjAyZS04ODU3LWVmODBiNDZhYzlhMl9fQXJ0aWNsZQ==&quot;, &quot;event&quot;: &quot;customEventSPE&quot;}\" target=\"_blank\" rel=\"noopener\"><br \/>\n                    Connectez-vous<br \/>\n                <\/a>\n            <\/p>\n","protected":false},"excerpt":{"rendered":"ANALYSE &#8211; Le gouvernement allemand a annonc\u00e9 qu\u2019il \u00e9tait pr\u00eat \u00e0 consacrer 5\u00a0% de son PIB aux d\u00e9penses&hellip;\n","protected":false},"author":2,"featured_media":113262,"comment_status":"","ping_status":"","sticky":false,"template":"","format":"standard","meta":{"footnotes":""},"categories":[1587],"tags":[11,672,1804,1428,1805,1292,2198,2197,1803,75,1777,674,1429,4710,1801,14,12,1427,1426,1802],"class_list":{"0":"post-113261","1":"post","2":"type-post","3":"status-publish","4":"format-standard","5":"has-post-thumbnail","7":"category-allemagne","8":"tag-actualites","9":"tag-allemagne","10":"tag-bundesrepublik-deutschland","11":"tag-chroniqueurs","12":"tag-de","13":"tag-debat","14":"tag-debat-monde","15":"tag-debats-international","16":"tag-deutschland","17":"tag-donald-trump","18":"tag-eu","19":"tag-europe","20":"tag-figarovox","21":"tag-friedrich-merz","22":"tag-germany","23":"tag-international","24":"tag-news","25":"tag-opinions","26":"tag-questions","27":"tag-republique-federale-dallemagne"},"share_on_mastodon":{"url":"https:\/\/pubeurope.com\/@fr\/114537844106700053","error":""},"_links":{"self":[{"href":"https:\/\/www.europesays.com\/fr\/wp-json\/wp\/v2\/posts\/113261","targetHints":{"allow":["GET"]}}],"collection":[{"href":"https:\/\/www.europesays.com\/fr\/wp-json\/wp\/v2\/posts"}],"about":[{"href":"https:\/\/www.europesays.com\/fr\/wp-json\/wp\/v2\/types\/post"}],"author":[{"embeddable":true,"href":"https:\/\/www.europesays.com\/fr\/wp-json\/wp\/v2\/users\/2"}],"replies":[{"embeddable":true,"href":"https:\/\/www.europesays.com\/fr\/wp-json\/wp\/v2\/comments?post=113261"}],"version-history":[{"count":0,"href":"https:\/\/www.europesays.com\/fr\/wp-json\/wp\/v2\/posts\/113261\/revisions"}],"wp:featuredmedia":[{"embeddable":true,"href":"https:\/\/www.europesays.com\/fr\/wp-json\/wp\/v2\/media\/113262"}],"wp:attachment":[{"href":"https:\/\/www.europesays.com\/fr\/wp-json\/wp\/v2\/media?parent=113261"}],"wp:term":[{"taxonomy":"category","embeddable":true,"href":"https:\/\/www.europesays.com\/fr\/wp-json\/wp\/v2\/categories?post=113261"},{"taxonomy":"post_tag","embeddable":true,"href":"https:\/\/www.europesays.com\/fr\/wp-json\/wp\/v2\/tags?post=113261"}],"curies":[{"name":"wp","href":"https:\/\/api.w.org\/{rel}","templated":true}]}}