{"id":113270,"date":"2025-05-20T02:43:11","date_gmt":"2025-05-20T02:43:11","guid":{"rendered":"https:\/\/www.europesays.com\/fr\/113270\/"},"modified":"2025-05-20T02:43:11","modified_gmt":"2025-05-20T02:43:11","slug":"forts-orages-grele-et-pluies-intenses-dans-le-sud-ouest","status":"publish","type":"post","link":"https:\/\/www.europesays.com\/fr\/113270\/","title":{"rendered":"Forts orages, gr\u00eale et pluies intenses dans le Sud-Ouest"},"content":{"rendered":"<p style=\"text-align:justify;\">AA \/ Tunis \/ Fatma Ben Amor<\/p>\n<p style=\"text-align:justify;\">Un \u00e9pisode pluvio-orageux s&rsquo;abat ce lundi sur le sud-ouest de la France. Des orages accompagn\u00e9s de fortes pr\u00e9cipitations et de gr\u00eale touchent plus d&rsquo;une r\u00e9gion de l&rsquo;Hexagone. Huit d\u00e9partements sont plac\u00e9s en vigilance orange pour orages selon le dernier bulletin publi\u00e9 \u00e0 21h 17 (locales) par M\u00e9t\u00e9o-France. <\/p>\n<p style=\"text-align:justify;\">\u00ab\u00a0Les orages se sont bien mis en place du Sud-Ouest au Centre-Est. Les orages les plus forts devraient s&rsquo;estomper en milieu de nuit. Les pluies persisteront en cours de nuit et am\u00e8neront localement des cumuls intenses de pr\u00e9cipitations\u00a0\u00bb, annonce M\u00e9t\u00e9o-France.<\/p>\n<p style=\"text-align:justify;\">\u00ab\u00a0Alors que les orages de la fin d&rsquo;apr\u00e8s-midi ont d\u00e9j\u00e0 apport\u00e9 de forts cumuls(&#8230;), des pluies mod\u00e9r\u00e9es \u00e0 fortes se poursuivent en soir\u00e9e et en cours de nuit de lundi \u00e0 mardi, amenant des cumuls suppl\u00e9mentaires qui cette fois, prennent un caract\u00e8re plus g\u00e9n\u00e9ralis\u00e9. Au final, sur la totalit\u00e9 de l&rsquo;\u00e9pisode, on attend des cumuls de 40 \u00e0 80 mm, tr\u00e8s localement un peu plus\u00a0\u00bb, indique encore l&rsquo;institut m\u00e9t\u00e9orologique.<\/p>\n<p style=\"text-align:justify;\">Selon la cha\u00eene m\u00e9t\u00e9o, en milieu d&rsquo;apr\u00e8s-midi, de violents orages ont caus\u00e9 des d\u00e9g\u00e2ts en haute-Garonne, avec de fortes chutes de gr\u00eale notamment au sud de Toulouse. Des axes routiers ont \u00e9t\u00e9 coup\u00e9s momentan\u00e9ment.<br \/>D&rsquo;autres orages \u00e9clataient sur l&rsquo;Auvergne. L&rsquo;activit\u00e9 orageuse se poursuivait aussi en Aquitaine.<\/p>\n<p style=\"text-align:justify;\">Selon la m\u00eame source, l&rsquo;activit\u00e9 orageuse a persist\u00e9 en fin de journ\u00e9e sur un axe allant de Midi-Pyr\u00e9n\u00e9es au d\u00e9partement de la Loire, et sur le sud de l&rsquo;Aquitaine. \u00ab\u00a0Les cumuls de pluies sont importants. Sous les orages, il est tomb\u00e9 55,4 mm de pluie \u00e0 Feurs (42), 45 mm \u00e0 Urgons (40) et 33 mm \u00e0 Saint-Flours (15)\u00a0\u00bb, pr\u00e9cise-t-on.<\/p>\n<p style=\"text-align:justify;\">Des images film\u00e9es \u00e0 Longages (Haute-Garonne) et relay\u00e9es par M\u00e9t\u00e9o-Pyr\u00e9n\u00e9es sur le r\u00e9seau social X montrent la gr\u00eale venant s&rsquo;abattre sur les habitations. Une vid\u00e9o partag\u00e9e sur les r\u00e9seaux sociaux t\u00e9moigne des d\u00e9g\u00e2ts caus\u00e9s sur la v\u00e9g\u00e9tation et les r\u00e9coltes. Une autre vid\u00e9o montre un arbre cass\u00e9 en deux s\u2019abattre sur la chauss\u00e9e en plein centre-ville de Toulouse.<\/p>\n<p style=\"text-align:justify;\">Depuis le d\u00e9but de ce mois de mai, des pr\u00e9cipitations sous forme de gr\u00eale touchent plusieurs r\u00e9gions de France. <\/p>\n<p>                            &#13;<br \/>\n                                <a href=\"https:\/\/www.aa.com.tr\/fr\/p\/abonnement\/1001\" target=\"_blank\" style=\"font-size:12px; color:#444; text-decoration:none;\" rel=\"noopener\">&#13;<br \/>\n                                    Seulement une partie des d\u00e9p\u00eaches, que l&rsquo;Agence Anadolu diffuse \u00e0 ses abonn\u00e9s via le Syst\u00e8me de Diffusion interne (HAS), est diffus\u00e9e sur le site de l&rsquo;AA, de mani\u00e8re r\u00e9sum\u00e9e. <b style=\"color:#1897F7\">Contactez-nous s&rsquo;il vous pla\u00eet pour vous abonner.<\/b>&#13;<br \/>\n                                <\/a>&#13;<\/p>\n","protected":false},"excerpt":{"rendered":"AA \/ Tunis \/ Fatma Ben Amor Un \u00e9pisode pluvio-orageux s&rsquo;abat ce lundi sur le sud-ouest de la&hellip;\n","protected":false},"author":2,"featured_media":113271,"comment_status":"","ping_status":"","sticky":false,"template":"","format":"standard","meta":{"footnotes":""},"categories":[4],"tags":[11,1785,1011,27,17613,23293,12,4594,23294,25,2224],"class_list":{"0":"post-113270","1":"post","2":"type-post","3":"status-publish","4":"format-standard","5":"has-post-thumbnail","7":"category-france","8":"tag-actualites","9":"tag-anadolu-ajansi","10":"tag-fr","11":"tag-france","12":"tag-grle","13":"tag-mto-france","14":"tag-news","15":"tag-orages","16":"tag-pluies-intenses","17":"tag-republique-francaise","18":"tag-sud-ouest"},"share_on_mastodon":{"url":"https:\/\/pubeurope.com\/@fr\/114537863740955800","error":""},"_links":{"self":[{"href":"https:\/\/www.europesays.com\/fr\/wp-json\/wp\/v2\/posts\/113270","targetHints":{"allow":["GET"]}}],"collection":[{"href":"https:\/\/www.europesays.com\/fr\/wp-json\/wp\/v2\/posts"}],"about":[{"href":"https:\/\/www.europesays.com\/fr\/wp-json\/wp\/v2\/types\/post"}],"author":[{"embeddable":true,"href":"https:\/\/www.europesays.com\/fr\/wp-json\/wp\/v2\/users\/2"}],"replies":[{"embeddable":true,"href":"https:\/\/www.europesays.com\/fr\/wp-json\/wp\/v2\/comments?post=113270"}],"version-history":[{"count":0,"href":"https:\/\/www.europesays.com\/fr\/wp-json\/wp\/v2\/posts\/113270\/revisions"}],"wp:featuredmedia":[{"embeddable":true,"href":"https:\/\/www.europesays.com\/fr\/wp-json\/wp\/v2\/media\/113271"}],"wp:attachment":[{"href":"https:\/\/www.europesays.com\/fr\/wp-json\/wp\/v2\/media?parent=113270"}],"wp:term":[{"taxonomy":"category","embeddable":true,"href":"https:\/\/www.europesays.com\/fr\/wp-json\/wp\/v2\/categories?post=113270"},{"taxonomy":"post_tag","embeddable":true,"href":"https:\/\/www.europesays.com\/fr\/wp-json\/wp\/v2\/tags?post=113270"}],"curies":[{"name":"wp","href":"https:\/\/api.w.org\/{rel}","templated":true}]}}