{"id":113277,"date":"2025-05-20T02:50:13","date_gmt":"2025-05-20T02:50:13","guid":{"rendered":"https:\/\/www.europesays.com\/fr\/113277\/"},"modified":"2025-05-20T02:50:13","modified_gmt":"2025-05-20T02:50:13","slug":"realme-sassocie-a-aston-martin-pour-realme-gt-7-dream-edition","status":"publish","type":"post","link":"https:\/\/www.europesays.com\/fr\/113277\/","title":{"rendered":"Realme s&rsquo;associe \u00e0 Aston Martin pour Realme GT 7 Dream Edition"},"content":{"rendered":"<p>\t\t<a href=\"https:\/\/www.notebookcheck.biz\/fileadmin\/Notebooks\/News\/_nc4\/Realme-GT-7-Dream-Edition72.jpg\" data-caption=\"Le Realme GT 7 Dream Edition est le fruit d&#039;une collaboration entre Realme et Aston Martin. (Source de l&#039;image : Jacky sur Weibo)\" target=\"_blank\" rel=\"noopener\"><img decoding=\"async\" src=\"https:\/\/www.europesays.com\/fr\/wp-content\/uploads\/2025\/05\/csm_Realme-GT-7-Dream-Edition72_6fa79cadbb.jpg\" loading=\"lazy\" width=\"240\" height=\"180\" alt=\"Le Realme GT 7 Dream Edition est le fruit d'une collaboration entre Realme et Aston Martin. (Source de l'image : Jacky sur Weibo)\"\/><\/a>Le Realme GT 7 Dream Edition est le fruit d&rsquo;une collaboration entre Realme et Aston Martin. (Source de l&rsquo;image : Jacky sur Weibo)<\/p>\n<p>Realme s&rsquo;est associ\u00e9 \u00e0 l&rsquo;\u00e9quipe de Formule 1 d&rsquo;Aston Martin pour une \u00e9dition limit\u00e9e du Realme GT 7. Baptis\u00e9e Realme GT 7 Dream Edition, elle sera lanc\u00e9e aux c\u00f4t\u00e9s de l&rsquo;\u00e9dition standard le 27 mai.<\/p>\n<p class=\"bodytext\">Apr\u00e8s un lancement en Chine le mois dernier, le <a href=\"http:\/\/www.notebookcheck.net\/Realme-GT7-Budget-flagship-debuts-with-6-500-nit-display-and-7-200-mAh-battery.1003332.0.html\" target=\"_self\" class=\"internal-link\" rel=\"noopener\">Realme GT 7<\/a> devrait \u00eatre lanc\u00e9 dans le monde entier le 27 mai. Il y aura \u00e9galement une \u00e9dition sp\u00e9ciale du Realme GT 7 selon Realme India. Cette \u00e9dition sp\u00e9ciale sera lanc\u00e9e sous le nom de Realme GT 7 Dream Edition, et maintenant une fuite a r\u00e9v\u00e9l\u00e9 qu&rsquo;il s&rsquo;agit en fait d&rsquo;un partenariat avec l&rsquo;\u00e9quipe de F1 d&rsquo;Aston Martin.&#13;<\/p>\n<p class=\"bodytext\">La bo\u00eete de vente sp\u00e9ciale pour le Realme GT 7 Dream Edition a \u00e9t\u00e9 post\u00e9e sur Weibo. Elle montre la bo\u00eete dans la couleur verte caract\u00e9ristique d&rsquo;Aston Martin avec le logo Aston Martin et les mots \u00a0\u00bb Formula One Team \u00a0\u00bb et \u00a0\u00bb Realme GT 7 Dream Edition \u00a0\u00bb inscrits sur la bo\u00eete en argent.&#13;<\/p>\n<p class=\"bodytext\">On ne sait pas encore en quoi la Realme GT 7 Dream Edition sera diff\u00e9rente de l&rsquo;\u00e9dition standard. Cependant, nous pouvons nous attendre \u00e0 ce que le t\u00e9l\u00e9phone en \u00e9dition limit\u00e9e soit livr\u00e9 dans une couleur sp\u00e9ciale avec une interface utilisateur personnalis\u00e9e et un tas d&rsquo;accessoires de la marque Aston Martin.<\/p>\n<p>\t<a href=\"https:\/\/www.notebookcheck.biz\/fileadmin\/_processed_\/a\/4\/csm_Realme-GT-7-Dream-Edition_dcf6e578c3.jpg\" title=\"Le Realme GT 7 Dream Edition pourrait avoir un design personnalis\u00e9 inspir\u00e9 d&#039;Aston Martin. (Source de l&#039;image : Jacky sur Weibo)\" class=\"lightbox\" data-fancybox=\"13406593\" data-title-id=\"lightbox_title_13406593_1\" data-caption=\"Le Realme GT 7 Dream Edition pourrait avoir un design personnalis\u00e9 inspir\u00e9 d&#039;Aston Martin. (Source de l&#039;image : Jacky sur Weibo) [&lt;a class=&quot;dbg&quot; target=&quot;_blank&quot; href=&quot;fileadmin\/Notebooks\/News\/_nc4\/Realme-GT-7-Dream-Edition.jpg&quot;&gt;full resolution]&lt;\/a&gt;\" target=\"_blank\" rel=\"noopener\"><img decoding=\"async\" src=\"https:\/\/www.europesays.com\/fr\/wp-content\/uploads\/2025\/05\/csm_Realme-GT-7-Dream-Edition_b34c1b63b5.jpg\" loading=\"lazy\" width=\"738\" height=\"491\" alt=\"Le Realme GT 7 Dream Edition pourrait avoir un design personnalis\u00e9 inspir\u00e9 d'Aston Martin. (Source de l'image : Jacky sur Weibo)\"\/><\/a>Le Realme GT 7 Dream Edition pourrait avoir un design personnalis\u00e9 inspir\u00e9 d&rsquo;Aston Martin. (Source de l&rsquo;image : Jacky sur Weibo)<\/p>\n<p class=\"bodytext\">La version internationale du Realme GT 7 sera \u00e9quip\u00e9e d&rsquo;un processeur MediaTek <a href=\"http:\/\/www.notebookcheck.net\/MediaTek-Dimensity-9400e-unleashed-as-a-flagship-grade-chipset-for-sub-premium-phones.1015904.0.html\" target=\"_self\" class=\"internal-link\" rel=\"noopener\">Dimensity 9400e de MediaTek<\/a>, une batterie \u00e0 anode de silicium de 7 000 mAh, et la prise en charge de la charge filaire rapide de 120 W. Elle prendra \u00e9galement en charge la charge filaire invers\u00e9e de 7,5 W. La version chinoise est \u00e9quip\u00e9e du processeur <a href=\"http:\/\/www.notebookcheck.net\/MediaTek-Dimensity-9400-unveiled-with-marginally-faster-CPU-and-improved-AI-performance.997057.0.html\" target=\"_self\" class=\"internal-link\" rel=\"noopener\">Dimensity 9400+<\/a>elle dispose d&rsquo;une batterie de 7 200 mAh et se recharge \u00e0 100 W.&#13;<\/p>\n<p class=\"bodytext\">Les autres caract\u00e9ristiques confirm\u00e9es sont un appareil photo principal Sony IMX906, un appareil photo grand angle de 112 degr\u00e9s et une cam\u00e9ra frontale de 32MP. Le Realme GT 7 sera \u00e9galement capable d&rsquo;enregistrer en 4K \u00e0 120 images par seconde. Parall\u00e8lement au Realme GT 7, Realme annoncera \u00e9galement le Realme GT 7T et le Realme Buds Air 7 Pro.<\/p>\n<p><a href=\"\"><img decoding=\"async\" src=\"https:\/\/www.europesays.com\/fr\/wp-content\/uploads\/2025\/05\/csm_habeebonawole_bf7db1bb36.jpg\" loading=\"lazy\" width=\"120\" height=\"120\" alt=\"Habeeb Onawole\"\/><\/a><a href=\"\"><img decoding=\"async\" src=\"https:\/\/www.europesays.com\/fr\/wp-content\/uploads\/2025\/05\/csm_ninh_duy_ee54bf9777.jpg\" loading=\"lazy\" width=\"120\" height=\"120\" alt=\"Ninh Duy\"\/><\/a>Translator: <a href=\"\" class=\"j_name\">Ninh Ngoc Duy<\/a> &#8211; Editorial Assistant  &#8211; 538344 articles published on Notebookcheck since 2008<\/p>\n","protected":false},"excerpt":{"rendered":"Le Realme GT 7 Dream Edition est le fruit d&rsquo;une collaboration entre Realme et Aston Martin. (Source de&hellip;\n","protected":false},"author":2,"featured_media":113278,"comment_status":"","ping_status":"","sticky":false,"template":"","format":"standard","meta":{"footnotes":""},"categories":[1412],"tags":[10656,1709,1451,1452,1453,1454,1455,1011,27,9412,1113,5747,7990,23297,23298,23296,9411,724,60,374],"class_list":{"0":"post-113277","1":"post","2":"type-post","3":"status-publish","4":"format-standard","5":"has-post-thumbnail","7":"category-f1","8":"tag-android","9":"tag-aston-martin","10":"tag-f1","11":"tag-formula-1","12":"tag-formula1","13":"tag-formule-1","14":"tag-formule1","15":"tag-fr","16":"tag-france","17":"tag-informations-sur-des-ordinateurs-portatifs","18":"tag-nouvelles","19":"tag-rapport","20":"tag-realme","21":"tag-realme-gt-7-aston-martin-f1-edition","22":"tag-realme-gt-7-dream-edition","23":"tag-realme-gt7","24":"tag-revues","25":"tag-smartphone","26":"tag-sports","27":"tag-test"},"share_on_mastodon":{"url":"https:\/\/pubeurope.com\/@fr\/114537891437317862","error":""},"_links":{"self":[{"href":"https:\/\/www.europesays.com\/fr\/wp-json\/wp\/v2\/posts\/113277","targetHints":{"allow":["GET"]}}],"collection":[{"href":"https:\/\/www.europesays.com\/fr\/wp-json\/wp\/v2\/posts"}],"about":[{"href":"https:\/\/www.europesays.com\/fr\/wp-json\/wp\/v2\/types\/post"}],"author":[{"embeddable":true,"href":"https:\/\/www.europesays.com\/fr\/wp-json\/wp\/v2\/users\/2"}],"replies":[{"embeddable":true,"href":"https:\/\/www.europesays.com\/fr\/wp-json\/wp\/v2\/comments?post=113277"}],"version-history":[{"count":0,"href":"https:\/\/www.europesays.com\/fr\/wp-json\/wp\/v2\/posts\/113277\/revisions"}],"wp:featuredmedia":[{"embeddable":true,"href":"https:\/\/www.europesays.com\/fr\/wp-json\/wp\/v2\/media\/113278"}],"wp:attachment":[{"href":"https:\/\/www.europesays.com\/fr\/wp-json\/wp\/v2\/media?parent=113277"}],"wp:term":[{"taxonomy":"category","embeddable":true,"href":"https:\/\/www.europesays.com\/fr\/wp-json\/wp\/v2\/categories?post=113277"},{"taxonomy":"post_tag","embeddable":true,"href":"https:\/\/www.europesays.com\/fr\/wp-json\/wp\/v2\/tags?post=113277"}],"curies":[{"name":"wp","href":"https:\/\/api.w.org\/{rel}","templated":true}]}}