{"id":113283,"date":"2025-05-20T02:53:12","date_gmt":"2025-05-20T02:53:12","guid":{"rendered":"https:\/\/www.europesays.com\/fr\/113283\/"},"modified":"2025-05-20T02:53:12","modified_gmt":"2025-05-20T02:53:12","slug":"cannes-2025-rihanna-enceinte-robe-bleue-et-ventre-rond-elle-eclipse-son-mari-et-rechauffe-latmosphere","status":"publish","type":"post","link":"https:\/\/www.europesays.com\/fr\/113283\/","title":{"rendered":"CANNES 2025. Rihanna enceinte : robe bleue et ventre rond, elle \u00e9clipse son mari et r\u00e9chauffe l&rsquo;atmosph\u00e8re"},"content":{"rendered":"<p>Tout le monde l\u2019attendait, mais personne n\u2019osait vraiment y<br \/>\ncroire. Pourtant, lundi 19 mai, \u00e0 l\u2019occasion de la diffusion du<br \/>\nfilm Highest 2 Lowest, <a href=\"https:\/\/www.closermag.fr\/article-live\/cannes-2025-rihanna-enceinte-elle-joue-avec-nos-nerfs-mais-lattente-interminable-valait-le-coup\" rel=\"nofollow noopener\" target=\"_blank\"><br \/>\nRihanna a bel et bien fait une apparition au Festival de<br \/>\nCannes.<\/a> Et comme \u00e0 son habitude, elle a \u00e9bloui le public et les<br \/>\ninvit\u00e9s avec sa tenue.<\/p>\n<p>Fra\u00eechement arriv\u00e9e \u00e0 Cannes, elle \u00e9tait <a href=\"https:\/\/www.closermag.fr\/people\/rihanna-maman-tout-en-cuir-elle-fait-une-apparition-remarquee-avec-asap-rocky-1663785#item=1\" rel=\"nofollow noopener\" target=\"_blank\"><br \/>\nen compagnie de son mari A$AP Rocky.<\/a> Malgr\u00e9 un passage \u00e9clair<br \/>\ndevant les cam\u00e9ras, elle n\u2019a pas manqu\u00e9 de faire sensation.<\/p>\n<p>Rihanna fait sensation dans une robe moulante<\/p>\n<p>Presqu\u2019incroyable mais pourtant bien vrai, l\u2019une des stars de la<br \/>\nchanson mondiale \u00e9tait bel et bien pr\u00e9sente \u00e0 Cannes ce lundi 19<br \/>\nmai. Comme l\u2019a r\u00e9v\u00e9l\u00e9 le journal Nice Matin, la chanteuse a d\u00e9j\u00e0<br \/>\n\u00e9t\u00e9 aper\u00e7ue la veille, le dimanche 18 mai, \u00e0 la sortie du terminal<br \/>\nde l&rsquo;a\u00e9roport de Nice C\u00f4te d&rsquo;Azur. Elle \u00e9tait donc tr\u00e8s attendue et<br \/>\ntout le public a hurl\u00e9 son nom, lorsqu\u2019elle est enfin arriv\u00e9e au<br \/>\npalais des Festivals. Comme toujours, lors de son arriv\u00e9e \u00e0 Cannes<br \/>\nRihanna s\u2019est affich\u00e9e dans <strong>une tenue tr\u00e8s<br \/>\nglamour.<\/strong><\/p>\n<p>Apr\u00e8s sept ans d\u2019absence sur le tapis rouge, elle s\u2019est v\u00eatue<br \/>\nd\u2019une robe bustier en soie, et surtout <strong>ultra<br \/>\nmoulante,<\/strong> mettant en valeur <a href=\"https:\/\/www.closermag.fr\/people\/rihanna-enceinte-de-son-troisieme-enfant-au-met-gala-2025-elle-revele-son-son-baby-bump-dans-une-tenue-osee-3542462\" rel=\"nofollow noopener\" target=\"_blank\"><br \/>\nson baby bump,<\/a> puisqu\u2019elle pr\u00e9sentait une fente au niveau du<br \/>\nventre. Un look qui a enflamm\u00e9 toute la ville !<\/p>\n<p>Rihanna de retour \u00e0 Cannes apr\u00e8s sept<br \/>\nans d&rsquo;absence<\/p>\n<p>La cr\u00e9atrice de la marque Fenty Beauty portrait \u00e9galement une<br \/>\npochette de la m\u00eame couleur que sa robe. C\u00f4t\u00e9 accessoires, elle a<br \/>\ntout mis\u00e9 deux bagues scintilllantes et <strong>des grosses boucles<br \/>\nd\u2019oreilles<\/strong> en diamant non-pendantes, misent en valeurs<br \/>\ngr\u00e2ce \u00e0 son chignon d\u00e9structur\u00e9.<\/p>\n<p>Arriv\u00e9e en retard, Rihanna n\u2019a donc pas mont\u00e9 les marches, elle<br \/>\nles a seulement descendues. Cependant, elle a tout de m\u00eame profit\u00e9<br \/>\nde sa venue pour <strong>signer de nombreux autographes<\/strong>,<br \/>\npendant que son mari, pr\u00e9sent dans le film, Highest 2<br \/>\nLowest, \u00e9tait sur le tapis rouge.<\/p>\n<p>Diaporama<br \/>\n<img decoding=\"async\" class=\"diapo_img img-responsive lazy-load\" loading=\"lazy\" src=\"https:\/\/www.europesays.com\/fr\/wp-content\/uploads\/2025\/05\/bestimage_00707444_000008.jpg\"\/><\/p>\n<p>\u00a9 Yehiel Chekroune \/ Bestimage<\/p>\n<p>1\/5 Rihanna signe des autographes lors du<br \/>\n78\u00e8me festival international du film de Cannes pendant que son mari<br \/>\nAsap Rocky est sur le tapis rouge du film Highest 2 Lowest<\/p>\n<p>Rihanna dans un look glamour au festival de Cannes<\/p>\n<p><img decoding=\"async\" class=\"diapo_img img-responsive lazy-load\" loading=\"lazy\" src=\"https:\/\/www.europesays.com\/fr\/wp-content\/uploads\/2025\/05\/bestimage_00707444_000001.jpg\"\/><\/p>\n<p>\u00a9 Yehiel Chekroune \/ Bestimage<\/p>\n<p>2\/5 Rihanna signe des autographes lors du<br \/>\n78\u00e8me festival international du film de Cannes pendant que son mari<br \/>\nAsap Rocky est sur le tapis rouge du film Highest 2 Lowest<\/p>\n<p>Rihanna (enceinte) signe des autographes<br \/>\nlors du 78\u00e8me festival international du film de Cannes pendant que<br \/>\nson mari Asap Rocky est sur le tapis rouge du film Highest 2 Lowest<br \/>\nle 19 mai 2025.<\/p>\n<p><img decoding=\"async\" class=\"diapo_img img-responsive lazy-load\" loading=\"lazy\" src=\"https:\/\/www.europesays.com\/fr\/wp-content\/uploads\/2025\/05\/bestimage_00707444_000002.jpg\"\/><\/p>\n<p>\u00a9 Yehiel Chekroune \/ Bestimage<\/p>\n<p>3\/5 Rihanna signe des autographes lors du<br \/>\n78\u00e8me festival international du film de Cannes pendant que son mari<br \/>\nAsap Rocky est sur le tapis rouge du film Highest 2 Lowest<\/p>\n<p>Rihanna fait sensation dans sa robe bleu<\/p>\n<p><img decoding=\"async\" class=\"diapo_img img-responsive lazy-load\" loading=\"lazy\" src=\"https:\/\/www.europesays.com\/fr\/wp-content\/uploads\/2025\/05\/bestimage_00707444_000004.jpg\"\/><\/p>\n<p>\u00a9 Yehiel Chekroune \/ Bestimage<\/p>\n<p>4\/5 Rihanna signe des autographes lors du<br \/>\n78\u00e8me festival international du film de Cannes pendant que son mari<br \/>\nAsap Rocky est sur le tapis rouge du film Highest 2 Lowest<\/p>\n<p>Rihanna (enceinte) signe des autographes \u00e0 Cannes<\/p>\n<p><img decoding=\"async\" class=\"diapo_img img-responsive lazy-load\" loading=\"lazy\" src=\"https:\/\/www.europesays.com\/fr\/wp-content\/uploads\/2025\/05\/bestimage_00707444_000005.jpg\"\/><\/p>\n<p>\u00a9 Yehiel Chekroune \/ Bestimage<\/p>\n<p>5\/5 Rihanna signe des autographes lors du<br \/>\n78\u00e8me festival international du film de Cannes pendant que son mari<br \/>\nAsap Rocky est sur le tapis rouge du film Highest 2 Lowest<\/p>\n<p>Rihanna dans une robe moulantes et des gros bijoux<br \/>\nscintillants<\/p>\n","protected":false},"excerpt":{"rendered":"Tout le monde l\u2019attendait, mais personne n\u2019osait vraiment y croire. Pourtant, lundi 19 mai, \u00e0 l\u2019occasion de la&hellip;\n","protected":false},"author":2,"featured_media":113284,"comment_status":"","ping_status":"","sticky":false,"template":"","format":"standard","meta":{"footnotes":""},"categories":[1359],"tags":[58,59,1011,27,1638,973],"class_list":{"0":"post-113283","1":"post","2":"type-post","3":"status-publish","4":"format-standard","5":"has-post-thumbnail","7":"category-people","8":"tag-divertissement","9":"tag-entertainment","10":"tag-fr","11":"tag-france","12":"tag-has_diapo","13":"tag-people"},"share_on_mastodon":{"url":"https:\/\/pubeurope.com\/@fr\/114537903272422314","error":""},"_links":{"self":[{"href":"https:\/\/www.europesays.com\/fr\/wp-json\/wp\/v2\/posts\/113283","targetHints":{"allow":["GET"]}}],"collection":[{"href":"https:\/\/www.europesays.com\/fr\/wp-json\/wp\/v2\/posts"}],"about":[{"href":"https:\/\/www.europesays.com\/fr\/wp-json\/wp\/v2\/types\/post"}],"author":[{"embeddable":true,"href":"https:\/\/www.europesays.com\/fr\/wp-json\/wp\/v2\/users\/2"}],"replies":[{"embeddable":true,"href":"https:\/\/www.europesays.com\/fr\/wp-json\/wp\/v2\/comments?post=113283"}],"version-history":[{"count":0,"href":"https:\/\/www.europesays.com\/fr\/wp-json\/wp\/v2\/posts\/113283\/revisions"}],"wp:featuredmedia":[{"embeddable":true,"href":"https:\/\/www.europesays.com\/fr\/wp-json\/wp\/v2\/media\/113284"}],"wp:attachment":[{"href":"https:\/\/www.europesays.com\/fr\/wp-json\/wp\/v2\/media?parent=113283"}],"wp:term":[{"taxonomy":"category","embeddable":true,"href":"https:\/\/www.europesays.com\/fr\/wp-json\/wp\/v2\/categories?post=113283"},{"taxonomy":"post_tag","embeddable":true,"href":"https:\/\/www.europesays.com\/fr\/wp-json\/wp\/v2\/tags?post=113283"}],"curies":[{"name":"wp","href":"https:\/\/api.w.org\/{rel}","templated":true}]}}