{"id":113289,"date":"2025-05-20T02:56:11","date_gmt":"2025-05-20T02:56:11","guid":{"rendered":"https:\/\/www.europesays.com\/fr\/113289\/"},"modified":"2025-05-20T02:56:11","modified_gmt":"2025-05-20T02:56:11","slug":"new-york-unite-speciale-s20-e24-derniere-partie","status":"publish","type":"post","link":"https:\/\/www.europesays.com\/fr\/113289\/","title":{"rendered":"New York Unit\u00e9 Sp\u00e9ciale &#8211; S20 E24 &#8211; Derni\u00e8re partie"},"content":{"rendered":"<p id=\"descriptionPanel\" aria-labelledby=\"descriptionArrow\" aria-expanded=\"false\" class=\"mr-2 line-clamp-2 pr-2.5 text-secondary overflow-visible\">Olivia apprend que Rob Miller a non seulement \u00e9t\u00e9 rel\u00e2ch\u00e9, mais que toutes les charges contre lui ont \u00e9t\u00e9 abandonn\u00e9es. Elle tente d\u2019accepter cette nouvelle comme elle le peut lorsqu\u2019elle est appel\u00e9e sur les lieux d\u2019un crime. Une jeune fille a \u00e9t\u00e9 jet\u00e9e d\u2019un avion ou d\u2019un h\u00e9licopt\u00e8re apr\u00e8s avoir \u00e9t\u00e9 drogu\u00e9e jusqu\u2019\u00e0 faire une overdose. Olivia finit par d\u00e9couvrir son identit\u00e9 et quelle n\u2019est pas sa surprise en apprenant que l\u2019avocat de ses parents n\u2019est autre que&#8230; Rob Miller ! Elle lui fait comprendre qu\u2019elle ne se laissera pas intimider, mais lorsqu\u2019elle va chercher son fils \u00e0 l\u2019\u00e9cole, l\u2019agent de s\u00e9curit\u00e9 lui r\u00e9pond que deux agents sont venus le chercher. Prise de panique, elle appelle Amanda, mais celle-ci lui apprend que les deux hommes ont d\u00e9pos\u00e9 Noah au poste et que tout va bien. Elle comprend que Rob Miller lui a envoy\u00e9 un avertissement. Il l\u2019attend devant l\u2019\u00e9cole et lui dit droit dans les yeux d&rsquo;abandonner l\u2019affaire en cours. Elle refuse&#8230;<\/p>\n<p><a class=\"shrink-0\" href=\"https:\/\/www.tf1.fr\/tf1\/new-york-unite-speciale\" target=\"_blank\" rel=\"noopener\"><img decoding=\"async\" src=\"https:\/\/www.europesays.com\/fr\/wp-content\/uploads\/2025\/04\/program-card-portrait-1-267ccf-d99619-0@1x.jpg\" width=\"138\" height=\"184\" alt=\"\" loading=\"eager\" fetchpriority=\"auto\" class=\"aspect-[3\/4] h-24 w-auto rounded-3px\" aria-hidden=\"true\"\/><\/a><\/p>\n","protected":false},"excerpt":{"rendered":"Olivia apprend que Rob Miller a non seulement \u00e9t\u00e9 rel\u00e2ch\u00e9, mais que toutes les charges contre lui ont&hellip;\n","protected":false},"author":2,"featured_media":113290,"comment_status":"","ping_status":"","sticky":false,"template":"","format":"standard","meta":{"footnotes":""},"categories":[1356],"tags":[58,59,1365,13000,1011,27,415,13004,252,1364,13001,13002,13005,13003],"class_list":{"0":"post-113289","1":"post","2":"type-post","3":"status-publish","4":"format-standard","5":"has-post-thumbnail","7":"category-television","8":"tag-divertissement","9":"tag-entertainment","10":"tag-episode","11":"tag-episode-new-york","12":"tag-fr","13":"tag-france","14":"tag-new-york","15":"tag-streaming-new-york","16":"tag-television","17":"tag-tv","18":"tag-unite-speciale","19":"tag-unite-speciale-episode","20":"tag-video-en-streaming-new-york","21":"tag-video-new-york"},"share_on_mastodon":{"url":"https:\/\/pubeurope.com\/@fr\/114537915075066951","error":""},"_links":{"self":[{"href":"https:\/\/www.europesays.com\/fr\/wp-json\/wp\/v2\/posts\/113289","targetHints":{"allow":["GET"]}}],"collection":[{"href":"https:\/\/www.europesays.com\/fr\/wp-json\/wp\/v2\/posts"}],"about":[{"href":"https:\/\/www.europesays.com\/fr\/wp-json\/wp\/v2\/types\/post"}],"author":[{"embeddable":true,"href":"https:\/\/www.europesays.com\/fr\/wp-json\/wp\/v2\/users\/2"}],"replies":[{"embeddable":true,"href":"https:\/\/www.europesays.com\/fr\/wp-json\/wp\/v2\/comments?post=113289"}],"version-history":[{"count":0,"href":"https:\/\/www.europesays.com\/fr\/wp-json\/wp\/v2\/posts\/113289\/revisions"}],"wp:featuredmedia":[{"embeddable":true,"href":"https:\/\/www.europesays.com\/fr\/wp-json\/wp\/v2\/media\/113290"}],"wp:attachment":[{"href":"https:\/\/www.europesays.com\/fr\/wp-json\/wp\/v2\/media?parent=113289"}],"wp:term":[{"taxonomy":"category","embeddable":true,"href":"https:\/\/www.europesays.com\/fr\/wp-json\/wp\/v2\/categories?post=113289"},{"taxonomy":"post_tag","embeddable":true,"href":"https:\/\/www.europesays.com\/fr\/wp-json\/wp\/v2\/tags?post=113289"}],"curies":[{"name":"wp","href":"https:\/\/api.w.org\/{rel}","templated":true}]}}