{"id":113291,"date":"2025-05-20T02:57:20","date_gmt":"2025-05-20T02:57:20","guid":{"rendered":"https:\/\/www.europesays.com\/fr\/113291\/"},"modified":"2025-05-20T02:57:20","modified_gmt":"2025-05-20T02:57:20","slug":"mort-de-werenoi-et-tweets-daqababe-que-risque-t-on-a-reveler-des-informations-medicales","status":"publish","type":"post","link":"https:\/\/www.europesays.com\/fr\/113291\/","title":{"rendered":"Mort de Werenoi et tweets d&rsquo;Aqababe : que risque-t-on \u00e0 r\u00e9v\u00e9ler des informations m\u00e9dicales ?"},"content":{"rendered":"<p>Le r\u00e9cent d\u00e9c\u00e8s de Werenoi a fait \u00e9merger la question des secrets m\u00e9dicaux, alors que des informations sur les circonstances de la mort du rappeur ont \u00e9merg\u00e9 sur les r\u00e9seaux sociaux ces derniers jours. Des pr\u00e9cisions qui peuvent tomber sous le coup de la loi.<\/p>\n<p>La nouvelle a pein\u00e9 le milieu du rap fran\u00e7ais tout au long du week-end. J\u00e9r\u00e9my Bana Owona, alias Werenoi, est d\u00e9c\u00e9d\u00e9 le 17 mai, \u00e0 l\u2019\u00e2ge de 31 ans \u00e0 peine. La nouvelle <a href=\"https:\/\/x.com\/PlrMusic\/status\/1923678408145338549\" target=\"_blank\" rel=\"noreferrer noopener\">a \u00e9t\u00e9 officiellement annonc\u00e9e<\/a> sur X (ex-Twitter) par son producteur Babiry Sacko, alias Babs. Une disparition soudaine d\u2019une \u00e9toile montante de la sc\u00e8ne hip-hop, dont le succ\u00e8s commercial avait explos\u00e9.<\/p>\n<p><a href=\"https:\/\/www.numerama.com\/wp-content\/uploads\/2025\/05\/werenoi-vertical.jpg\" target=\"_blank\" rel=\"noopener\"><img decoding=\"async\" width=\"683\" height=\"1024\" loading=\"lazy\" alt=\"Werenoi, en 2023. \/\/ Source : J24N\" title=\"Werenoi, en 2023. \/\/ Source : J24N\" class=\"wp-image-1973467 placeholder-default wp-image\" src=\"https:\/\/www.europesays.com\/fr\/wp-content\/uploads\/2025\/05\/werenoi-vertical-683x1024.jpg\" \/><\/a>Werenoi, en 2023. \/\/ Source : <a target=\"_blank\" href=\"https:\/\/commons.wikimedia.org\/wiki\/File:Werenoi.jpg?uselang=fr\" rel=\"noopener\">J24N<\/a><\/p>\n<p>Alors que les hommages ont \u00e9t\u00e9 nombreux ces deux derniers jours pour saluer la m\u00e9moire du chanteur, une controverse a \u00e9merg\u00e9 sur les causes du d\u00e9c\u00e8s. En effet, si la presse <a href=\"https:\/\/www.lemonde.fr\/disparitions\/article\/2025\/05\/17\/werenoi-rappeur-numero-un-des-ventes-d-albums-en-france-en-2024-est-mort-a-l-age-de-31-ans_6606551_3382.html\" target=\"_blank\" rel=\"noreferrer noopener\">a \u00e9voqu\u00e9<\/a> dans des termes vagues une d\u00e9t\u00e9rioration soudaine de la sant\u00e9 de Werenoi, des pr\u00e9cisions in\u00e9dites sur les circonstances de la mort de l\u2019artiste ont \u00e9t\u00e9 livr\u00e9es par la presse people et des influenceurs.<\/p>\n<p>Ainsi, d\u00e8s le 16 mai, l\u2019influenceur Aqababe (qui a r\u00e9cemment fait beaucoup parler de lui \u00e0 travers <a href=\"https:\/\/www.numerama.com\/tech\/1960717-laffaire-aqababe-xavier-dupont-de-ligonnes-illustre-la-credulite-des-reseaux-sociaux-video.html\" target=\"_blank\" rel=\"noopener\">l\u2019affaire Xavier Dupont de Ligonn\u00e8s<\/a>) a fait \u00e9tat de l\u2019hospitalisation de Werenoi sur X, tout en avan\u00e7ant ce qui semblait \u00eatre les causes de ce passage \u00e0 l\u2019h\u00f4pital \u2014 et <a href=\"https:\/\/x.com\/AQABABE_\/status\/1923367458821296314\" target=\"_blank\" rel=\"noreferrer noopener\">en livrant<\/a> des points de situation aux internautes. Le journal <a target=\"_blank\" href=\"https:\/\/www.public.fr\/exclu-public-le-rappeur-werenoi-serait-decede-a-lage-de-31-ans\" rel=\"noopener\">Public<\/a> a aussi livr\u00e9 des d\u00e9tails notables.<\/p>\n<p>Des informations qui ont entra\u00een\u00e9 des discussions en ligne sur leur l\u00e9galit\u00e9 et pos\u00e9 la question d\u2019une fuite possible du dossier m\u00e9dical de Werenoi ou, \u00e0 tout le moins, d\u2019une infraction du secret m\u00e9dical auquel a droit le chanteur, y compris apr\u00e8s son d\u00e9c\u00e8s. En la mati\u00e8re, deux \u00e9l\u00e9ments juridiques principaux peuvent \u00eatre rappel\u00e9s.<\/p>\n<p>Des enjeux sur le secret m\u00e9dical et l\u2019atteinte \u00e0 la vie priv\u00e9e<\/p>\n<p>Le premier tient au respect du secret professionnel, en l\u2019esp\u00e8ce du secret m\u00e9dical, nous rappelle l\u2019avocat Alexandre Archambault. Le corps m\u00e9dical est soumis au secret, comme le pr\u00e9voit l\u2019article <a href=\"https:\/\/www.legifrance.gouv.fr\/codes\/article_lc\/LEGIARTI000006417945\" target=\"_blank\" rel=\"noreferrer noopener\">226-13<\/a> du Code p\u00e9nal. L\u2019enfreindre, c\u2019est s\u2019exposer potentiellement \u00e0 une amende de 15 000 euros et une peine d\u2019emprisonnement d\u2019un an \u2014 ce sont des plafonds.<\/p>\n<p>Le secret m\u00e9dical est encadr\u00e9 par l\u2019article <a href=\"https:\/\/www.legifrance.gouv.fr\/codes\/article_lc\/LEGIARTI000043895798\" target=\"_blank\" rel=\"noreferrer noopener\">L1110-4<\/a> du Code de la sant\u00e9 publique. Il s\u2019applique aux professionnels de sant\u00e9 en g\u00e9n\u00e9ral, et de fa\u00e7on plus extensive \u00e0 l\u2019ensemble du personnel d\u2019un \u00e9tablissement hospitalier, et \u00ab couvre l\u2019ensemble des informations concernant la personne venues \u00e0 la connaissance du professionnel \u00bb.<\/p>\n<p>Ce m\u00e9canisme juridique s\u2019applique aux personnes du corps m\u00e9dical qui ont pu avoir acc\u00e8s au patient ou \u00e0 son dossier m\u00e9dical et qui aurait fait fuiter des pr\u00e9cisions sur les causes m\u00e9dicales ayant entrain\u00e9 la mort de Werenoi. En outre, des sanctions disciplinaires sont possibles venant de l\u2019\u00e9tablissement o\u00f9 l\u2019infraction s\u2019est pass\u00e9e \u2014 Piti\u00e9 Salp\u00eatri\u00e8re, \u00e0 Paris.<\/p>\n<p><a href=\"https:\/\/www.numerama.com\/wp-content\/uploads\/2022\/01\/soignant-hopital-covid-masque.jpg\" target=\"_blank\" rel=\"noopener\"><img decoding=\"async\" width=\"1024\" height=\"576\" loading=\"lazy\" alt=\"Les soignants sont en premi\u00e8re ligne dans la pand\u00e9mie. \/\/ Source : Unsplash\/SJ Objio\" title=\"Les soignants sont en premi\u00e8re ligne dans la pand\u00e9mie. \/\/ Source : Unsplash\/SJ Objio\" class=\"wp-image-808395 placeholder-default wp-image\" src=\"https:\/\/www.europesays.com\/fr\/wp-content\/uploads\/2025\/05\/soignant-hopital-covid-masque-1024x576.jpg\" \/><\/a>Les soignants sont soumis \u00e0 des r\u00e8gles sp\u00e9cifiques. \/\/ Source : Unsplash\/SJ Objio<\/p>\n<p>Dans le cas d\u2019un particulier ordinaire, comme Aqababe, cet article 226-13 ne joue pas. La possibilit\u00e9 d\u2019une poursuite au titre d\u2019un recel (acte r\u00e9prim\u00e9 par l\u2019article <a href=\"https:\/\/www.legifrance.gouv.fr\/codes\/article_lc\/LEGIARTI000006418234\/2017-09-25\" target=\"_blank\" rel=\"noreferrer noopener\">321-1<\/a> du Code p\u00e9nal) a \u00e9t\u00e9 avanc\u00e9e, avec \u00e0 la cl\u00e9 une sanction qui pourrait atteindre, au maximum 375 000 euros d\u2019amende et cinq ans de prison.<\/p>\n<p>\u00ab Le recel est le fait [\u2026] de transmettre une chose, ou de faire office d\u2019interm\u00e9diaire afin de la transmettre, en sachant que cette chose provient d\u2019un crime ou d\u2019un d\u00e9lit \u00bb, indique le Code p\u00e9nal. Par ailleurs, \u00ab constitue un recel le fait, en connaissance de cause, de b\u00e9n\u00e9ficier, par tout moyen, du produit d\u2019un crime ou d\u2019un d\u00e9lit. \u00bb<\/p>\n<p>Ces dispositions g\u00e9n\u00e9rales peuvent \u00e9ventuellement \u00eatre compl\u00e9t\u00e9es par des mesures suppl\u00e9mentaires, en fonction de la mani\u00e8re dont ces informations ont \u00e9t\u00e9 obtenues. Cela pourrait \u00eatre, par exemple, un acc\u00e8s frauduleux au d\u00e9tail du dossier m\u00e9dical stock\u00e9 dans une base de donn\u00e9es. En fonction, cela peut entra\u00eener des sanctions p\u00e9nales et civiles.<\/p>\n<p>Des poursuites civiles peuvent aussi \u00eatre envisag\u00e9es par les ayants droit de la victime, c\u2019est-\u00e0-dire essentiellement ses proches, pour atteinte \u00e0 la vie priv\u00e9e, et demander des dommages et int\u00e9r\u00eats pour r\u00e9parer le pr\u00e9judice subi, suite \u00e0 une divulgation publique, sur les r\u00e9seaux sociaux ou dans la presse par exemple.<\/p>\n<p>            <img decoding=\"async\" src=\"https:\/\/www.europesays.com\/fr\/wp-content\/uploads\/2025\/04\/iPhone-16-pro.png\" alt=\"Toute l'actu tech en un clien d'oeil\"\/><\/p>\n<p class=\"card-install-pwa__title\">Toute l&rsquo;actu tech en un clin d&rsquo;\u0153il<\/p>\n<p class=\"card-install-pwa__description\">Ajoutez Numerama \u00e0 votre \u00e9cran d&rsquo;accueil et restez connect\u00e9s au futur !<\/p>\n<p>            <img decoding=\"async\" src=\"https:\/\/www.europesays.com\/fr\/wp-content\/uploads\/2025\/04\/logo-card-pwa-coupe.svg.svg+xml\" alt=\"Logo PWA\"\/><\/p>\n<p>       Installer Numerama<\/p>\n","protected":false},"excerpt":{"rendered":"Le r\u00e9cent d\u00e9c\u00e8s de Werenoi a fait \u00e9merger la question des secrets m\u00e9dicaux, alors que des informations sur&hellip;\n","protected":false},"author":2,"featured_media":113292,"comment_status":"","ping_status":"","sticky":false,"template":"","format":"standard","meta":{"footnotes":""},"categories":[1355],"tags":[58,6084,59,1011,27,303,1361,873,23299],"class_list":{"0":"post-113291","1":"post","2":"type-post","3":"status-publish","4":"format-standard","5":"has-post-thumbnail","7":"category-musique","8":"tag-divertissement","9":"tag-droit","10":"tag-entertainment","11":"tag-fr","12":"tag-france","13":"tag-justice","14":"tag-music","15":"tag-musique","16":"tag-secret"},"share_on_mastodon":{"url":"https:\/\/pubeurope.com\/@fr\/114537919058994430","error":""},"_links":{"self":[{"href":"https:\/\/www.europesays.com\/fr\/wp-json\/wp\/v2\/posts\/113291","targetHints":{"allow":["GET"]}}],"collection":[{"href":"https:\/\/www.europesays.com\/fr\/wp-json\/wp\/v2\/posts"}],"about":[{"href":"https:\/\/www.europesays.com\/fr\/wp-json\/wp\/v2\/types\/post"}],"author":[{"embeddable":true,"href":"https:\/\/www.europesays.com\/fr\/wp-json\/wp\/v2\/users\/2"}],"replies":[{"embeddable":true,"href":"https:\/\/www.europesays.com\/fr\/wp-json\/wp\/v2\/comments?post=113291"}],"version-history":[{"count":0,"href":"https:\/\/www.europesays.com\/fr\/wp-json\/wp\/v2\/posts\/113291\/revisions"}],"wp:featuredmedia":[{"embeddable":true,"href":"https:\/\/www.europesays.com\/fr\/wp-json\/wp\/v2\/media\/113292"}],"wp:attachment":[{"href":"https:\/\/www.europesays.com\/fr\/wp-json\/wp\/v2\/media?parent=113291"}],"wp:term":[{"taxonomy":"category","embeddable":true,"href":"https:\/\/www.europesays.com\/fr\/wp-json\/wp\/v2\/categories?post=113291"},{"taxonomy":"post_tag","embeddable":true,"href":"https:\/\/www.europesays.com\/fr\/wp-json\/wp\/v2\/tags?post=113291"}],"curies":[{"name":"wp","href":"https:\/\/api.w.org\/{rel}","templated":true}]}}