{"id":1133029,"date":"2026-08-17T19:53:18","date_gmt":"2026-08-17T19:53:18","guid":{"rendered":"https:\/\/www.europesays.com\/fr\/1133029\/"},"modified":"2026-08-17T19:53:18","modified_gmt":"2026-08-17T19:53:18","slug":"milan-negociations-avancees-pour-moreira-de-strasbourg-les-details","status":"publish","type":"post","link":"https:\/\/www.europesays.com\/fr\/1133029\/","title":{"rendered":"Milan, n\u00e9gociations avanc\u00e9es pour Moreira de Strasbourg : les d\u00e9tails"},"content":{"rendered":"<p>Moreira est n\u00e9 \u00e0 Li\u00e8ge, o\u00f9 \u00e0 l\u2019\u00e9poque<b><strong> son p\u00e8re, l\u2019ancien international bissau-guin\u00e9en Almami Moreira,<\/strong><\/b> \u00e9voluait comme joueur au Standard de Li\u00e8ge. Dot\u00e9 de la double nationalit\u00e9 belge et portugaise, bien qu\u2019il soit \u00e9galement s\u00e9lectionnable pour la Guin\u00e9e-Bissau et l\u2019Allemagne, il a d\u00e9cid\u00e9 de repr\u00e9senter la Belgique, apr\u00e8s avoir jou\u00e9 avec le Portugal Espoirs. Du c\u00f4t\u00e9 maternel, il est le petit-fils de Helmut Graf, ancien footballeur autrichien qui a \u00e9volu\u00e9 dans le club de 1976 \u00e0 1982. Form\u00e9 au Standard de Li\u00e8ge, il est pass\u00e9 par Benfica et <b><strong>Chelsea<\/strong><\/b>, ainsi que par l\u2019Olympique Lyonnais, avant de rejoindre Strasbourg, justement en synergie avec les Blues. Il y a deux semaines, alors qu\u2019il \u00e9tait en vacances,<b><strong> il s\u2019\u00e9tait entra\u00een\u00e9 avec le maillot de l\u2019AC Milan,<\/strong><\/b> un indice de ce que serait ensuite son avenir.<\/p>\n","protected":false},"excerpt":{"rendered":"Moreira est n\u00e9 \u00e0 Li\u00e8ge, o\u00f9 \u00e0 l\u2019\u00e9poque son p\u00e8re, l\u2019ancien international bissau-guin\u00e9en Almami Moreira, \u00e9voluait comme joueur&hellip;\n","protected":false},"author":2,"featured_media":1133030,"comment_status":"","ping_status":"","sticky":false,"template":"","format":"standard","meta":{"footnotes":"","_share_on_mastodon":"0"},"categories":[2820],"tags":[30513,1111,11,1777,674,1011,27,775,967,12,25,640],"class_list":["post-1133029","post","type-post","status-publish","format-standard","has-post-thumbnail","category-strasbourg","tag-ac-milan","tag-actu","tag-actualites","tag-eu","tag-europe","tag-fr","tag-france","tag-grand-est","tag-milan-ac","tag-news","tag-republique-francaise","tag-strasbourg"],"share_on_mastodon":{"url":"https:\/\/pubeurope.com\/@fr\/117112603004924987","error":""},"_links":{"self":[{"href":"https:\/\/www.europesays.com\/fr\/wp-json\/wp\/v2\/posts\/1133029","targetHints":{"allow":["GET"]}}],"collection":[{"href":"https:\/\/www.europesays.com\/fr\/wp-json\/wp\/v2\/posts"}],"about":[{"href":"https:\/\/www.europesays.com\/fr\/wp-json\/wp\/v2\/types\/post"}],"author":[{"embeddable":true,"href":"https:\/\/www.europesays.com\/fr\/wp-json\/wp\/v2\/users\/2"}],"replies":[{"embeddable":true,"href":"https:\/\/www.europesays.com\/fr\/wp-json\/wp\/v2\/comments?post=1133029"}],"version-history":[{"count":0,"href":"https:\/\/www.europesays.com\/fr\/wp-json\/wp\/v2\/posts\/1133029\/revisions"}],"wp:featuredmedia":[{"embeddable":true,"href":"https:\/\/www.europesays.com\/fr\/wp-json\/wp\/v2\/media\/1133030"}],"wp:attachment":[{"href":"https:\/\/www.europesays.com\/fr\/wp-json\/wp\/v2\/media?parent=1133029"}],"wp:term":[{"taxonomy":"category","embeddable":true,"href":"https:\/\/www.europesays.com\/fr\/wp-json\/wp\/v2\/categories?post=1133029"},{"taxonomy":"post_tag","embeddable":true,"href":"https:\/\/www.europesays.com\/fr\/wp-json\/wp\/v2\/tags?post=1133029"}],"curies":[{"name":"wp","href":"https:\/\/api.w.org\/{rel}","templated":true}]}}