{"id":11332,"date":"2025-04-08T23:15:11","date_gmt":"2025-04-08T23:15:11","guid":{"rendered":"https:\/\/www.europesays.com\/fr\/11332\/"},"modified":"2025-04-08T23:15:11","modified_gmt":"2025-04-08T23:15:11","slug":"kanye-west-officialise-sa-rupture-avec-bianca-qui-aurait-voulu-le-faire-interner","status":"publish","type":"post","link":"https:\/\/www.europesays.com\/fr\/11332\/","title":{"rendered":"Kanye West officialise sa rupture avec Bianca, qui aurait voulu le faire interner"},"content":{"rendered":"<p itemprop=\"description\"><strong>C&rsquo;est une nouvelle page qui se tourne pour Kanye West.<\/strong><\/p>\n<p>On n&rsquo;est <strong>pas tr\u00e8s rassur\u00e9s par le mood de <a href=\"https:\/\/generations.fr\/news\/coulisse\/79513\/kanye-west-attaque-kim-kardashian-et-regrette-d-avoir-eu-des-enfants-avec-elle\" rel=\"nofollow noopener\" target=\"_blank\">Kanye West<\/a> en ce moment.<\/strong> On a un peu rigol\u00e9, ces derni\u00e8res semaines, avec ses d\u00e9clarations compl\u00e8tement folles sur Twitter, dans lesquelles il insulte Kendrick, complimente Drake (pourtant ils sont toujours en beef), affirme \u00eatre nazi et veut faire collaborer sa fille avec P.Diddy. <strong>Un grand n&rsquo;importe quoi, qui nous rappelle les pires heures de sa carri\u00e8re, lorsqu&rsquo;il avait \u00e9t\u00e9 intern\u00e9 de force en 2016<\/strong>. M\u00eame ses proches semblent le l\u00e2cher progressivement, comme <strong>sa compagne Bianca Censori, qui l&rsquo;a apparemment quitt\u00e9.<\/strong><\/p>\n<p><strong>C&rsquo;est Kanye West lui-m\u00eame qui a officialis\u00e9 l&rsquo;information<\/strong>, qui reste donc \u00e0 prendre avec des pincettes car Yeezus raconte n&rsquo;importe quoi ces derniers mois. Vous vous souvenez, on vous parlait d&rsquo;un <a href=\"https:\/\/generations.fr\/news\/musique\/79535\/kanye-west-un-album-surprise-prevu-pour-aujourd-hui\" rel=\"nofollow noopener\" target=\"_blank\">projet surprise de Kanye cens\u00e9 sortir il y a quelques jours<\/a>. <strong>Un album toujours pas sorti, mais qui pourrait finalement arriver le 8 avril<\/strong>, et dans lequel on retrouve <strong>une chanson nomm\u00e9e \u00ab\u00a0Bianca\u00a0\u00bb, qui a fuit\u00e9<\/strong> sur le web. Dans le titre, le rappeur r\u00e9v\u00e8le que sa go l&rsquo;a quitt\u00e9, et quand il explique pourquoi, on la comprend un peu.<\/p>\n<p>Il explique notamment que <strong>sa femme aurait essay\u00e9 de le faire interner<\/strong>, et qu&rsquo;elle a <strong>fui \u00e0 cause de ses tweets insultants<\/strong> post\u00e9s tous les jours depuis plusieurs semaines. Un comportement qui lui a fait peur, elle est donc partie. <a href=\"https:\/\/generations.fr\/news\/coulisse\/79500\/suge-knight-pense-que-kanye-west-devrait-prendre-une-raclee-pour-ce-qu-il-a-dit-sur-les-enfants-de-jay-z\" rel=\"nofollow noopener\" target=\"_blank\">Kanye West<\/a> r\u00e9v\u00e8le \u00e9galement dans la chanson qu&rsquo;<strong>il la traque avec une application<\/strong>, et \u00e7a aussi, c&rsquo;est assez flippant comme comportement. Bianca Censori, quant \u00e0 elle, n&rsquo;a toujours pas communiqu\u00e9, et \u00e0 vrai dire, on s&rsquo;en fout un peu.\u00a0<\/p>\n<p><strong>On esp\u00e8re juste que Kanye West ne va pas finir par tomber au fond du trou <\/strong>comme il l&rsquo;a fait il y a quelques ann\u00e9es, car m\u00eame s&rsquo;il est compl\u00e8tement fou, il a l&rsquo;air d&rsquo;avoir vraiment besoin d&rsquo;aide.\u00a0<\/p>\n","protected":false},"excerpt":{"rendered":"C&rsquo;est une nouvelle page qui se tourne pour Kanye West. On n&rsquo;est pas tr\u00e8s rassur\u00e9s par le mood&hellip;\n","protected":false},"author":2,"featured_media":11333,"comment_status":"","ping_status":"","sticky":false,"template":"","format":"standard","meta":{"footnotes":""},"categories":[1355],"tags":[3627,3628,3626,3632,3631,3630,3629,3649,3634,3647,3663,3625,3623,3646,2163,3648,3645,58,59,3660,1011,27,3612,3620,3606,3607,3605,3608,3665,3657,3622,3613,3617,3615,3609,3614,3659,3654,3643,3653,3650,3641,3636,3642,3638,3651,3635,1361,873,12,3624,626,3639,2189,3658,1825,3618,3616,3661,3656,3619,3621,3662,3640,3664,3633,3644,3611,3610,3637,1863,2955,3655,3652],"class_list":{"0":"post-11332","1":"post","2":"type-post","3":"status-publish","4":"format-standard","5":"has-post-thumbnail","7":"category-musique","8":"tag-3627","9":"tag-3628","10":"tag-3626","11":"tag-3632","12":"tag-3631","13":"tag-3630","14":"tag-3629","15":"tag-al-peco","16":"tag-alibi","17":"tag-alpeco","18":"tag-b2o","19":"tag-banlieue","20":"tag-black","21":"tag-booba","22":"tag-chroniques","23":"tag-despo","24":"tag-diams","25":"tag-divertissement","26":"tag-entertainment","27":"tag-exclus","28":"tag-fr","29":"tag-france","30":"tag-freestyles","31":"tag-funk","32":"tag-generation","33":"tag-generation88-2","34":"tag-generations","35":"tag-generations88-2","36":"tag-generationslive","37":"tag-genratio","38":"tag-grime","39":"tag-hip","40":"tag-hip-hop","41":"tag-hiphop","42":"tag-hiphopsoul","43":"tag-hop","44":"tag-hotlist","45":"tag-james","46":"tag-k1fry","47":"tag-kerry","48":"tag-larsen","49":"tag-lim","50":"tag-lskadrille","51":"tag-mafia","52":"tag-mctyer","53":"tag-medine","54":"tag-montana","55":"tag-music","56":"tag-musique","57":"tag-news","58":"tag-noir","59":"tag-paris","60":"tag-parishiphop","61":"tag-photos","62":"tag-playlist","63":"tag-radio","64":"tag-ragga","65":"tag-rap","66":"tag-rap-francais","67":"tag-rapfr","68":"tag-reggae","69":"tag-rnb","70":"tag-roh2f","71":"tag-rue","72":"tag-ruskov-molotov","73":"tag-sefyu","74":"tag-sinik","75":"tag-sons","76":"tag-soul","77":"tag-tandem","78":"tag-us","79":"tag-videos","80":"tag-webradio","81":"tag-youssoupha"},"share_on_mastodon":{"url":"","error":"Validation failed: Text character limit of 500 exceeded"},"_links":{"self":[{"href":"https:\/\/www.europesays.com\/fr\/wp-json\/wp\/v2\/posts\/11332","targetHints":{"allow":["GET"]}}],"collection":[{"href":"https:\/\/www.europesays.com\/fr\/wp-json\/wp\/v2\/posts"}],"about":[{"href":"https:\/\/www.europesays.com\/fr\/wp-json\/wp\/v2\/types\/post"}],"author":[{"embeddable":true,"href":"https:\/\/www.europesays.com\/fr\/wp-json\/wp\/v2\/users\/2"}],"replies":[{"embeddable":true,"href":"https:\/\/www.europesays.com\/fr\/wp-json\/wp\/v2\/comments?post=11332"}],"version-history":[{"count":0,"href":"https:\/\/www.europesays.com\/fr\/wp-json\/wp\/v2\/posts\/11332\/revisions"}],"wp:featuredmedia":[{"embeddable":true,"href":"https:\/\/www.europesays.com\/fr\/wp-json\/wp\/v2\/media\/11333"}],"wp:attachment":[{"href":"https:\/\/www.europesays.com\/fr\/wp-json\/wp\/v2\/media?parent=11332"}],"wp:term":[{"taxonomy":"category","embeddable":true,"href":"https:\/\/www.europesays.com\/fr\/wp-json\/wp\/v2\/categories?post=11332"},{"taxonomy":"post_tag","embeddable":true,"href":"https:\/\/www.europesays.com\/fr\/wp-json\/wp\/v2\/tags?post=11332"}],"curies":[{"name":"wp","href":"https:\/\/api.w.org\/{rel}","templated":true}]}}