{"id":113329,"date":"2025-05-20T03:23:17","date_gmt":"2025-05-20T03:23:17","guid":{"rendered":"https:\/\/www.europesays.com\/fr\/113329\/"},"modified":"2025-05-20T03:23:17","modified_gmt":"2025-05-20T03:23:17","slug":"wta-500-de-strasbourg-alize-cornet-balayee-au-premier-tour-sport","status":"publish","type":"post","link":"https:\/\/www.europesays.com\/fr\/113329\/","title":{"rendered":"WTA 500\u00a0de Strasbourg. Aliz\u00e9 Cornet, balay\u00e9e au premier tour . Sport"},"content":{"rendered":"<p>Un petit tour et puis s\u2019en va. <a href=\"https:\/\/caen.maville.com\/sport\/detail_--un-retour-tres-excitant-alize-cornet-sort-de-sa-retraite-et-revient-sur-le-circuit-wta-_54135-6732241_actu.Htm\" target=\"_blank\" rel=\"noopener\">Aliz\u00e9 Cornet<\/a> a \u00e9t\u00e9 balay\u00e9e au premier tour du tournoi de Strasbourg, ce lundi, par la Tch\u00e8que Marie Bouzkova (50e mondiale). B\u00e9n\u00e9ficiaire d\u2019une invitation pour le tournoi alsacien, la Ni\u00e7oise de 35\u00a0ans n\u2019a pas fait long feu. Elle a \u00e9t\u00e9 s\u00e9v\u00e8rement battue en deux sets secs 6-2, 6-1, en une heure et demie\u00a0!<\/p>\n<p>C\u2019\u00e9tait le sixi\u00e8me match officiel d\u2019Aliz\u00e9 Cornet depuis son retour \u00e0 la comp\u00e9tition il y a un mois et demi pour la sortie de sa retraite apr\u00e8s dix mois en dehors du circuit WTA.<\/p>\n<p>La Fran\u00e7aise avait r\u00e9alis\u00e9 un retour spectaculaire sur le circuit professionnel au tournoi WTA 125\u00a0d\u2019Emporda (Espagne) o\u00f9 elle s\u2019est hiss\u00e9e jusqu\u2019en quart de finale avant d\u2019abandonner sur blessure. G\u00ean\u00e9e par une douleur au triceps droit, elle avait \u00e9galement \u00e9t\u00e9 <a href=\"https:\/\/caen.maville.com\/sport\/detail_-tennis.-a-peine-sortie-de-sa-retraite-alize-cornet-declare-forfait-pour-le-wta-250-de-rouen-_54135-6764858_actu.Htm\" target=\"_blank\" rel=\"noopener\">contrainte de renoncer \u00e0 se rendre au WTA 250\u00a0de Rouen mi-avril<\/a>.<\/p>\n<p><strong>Lire aussi<\/strong>\u00a0: <a href=\"https:\/\/rennes.maville.com\/sport\/detail_-tennis.-classements-atp-et-wta-alcaraz-reprend-la-2e-place-swiatek-chute-avant-roland-garros-_54135-6814038_actu.Htm\" target=\"_blank\" rel=\"noopener\">Tennis. Classements ATP et WTA\u00a0: Alcaraz reprend la 2e place, Swiatek chute avant Roland-Garros<\/a><\/p>\n<p>Alors qu\u2019elle \u00e9tait partie du circuit \u00e0 la 107e place mondiale lors de ses adieux \u00e0 <a href=\"https:\/\/rennes.maville.com\/sport\/detail_-roland-garros-2025.-le-programme-complet-jour-par-jour-_54135-6814273_actu.Htm\" target=\"_blank\" rel=\"noopener\">Roland-Garros<\/a> en mai\u00a02024, elle avait fait son retour au 523e rang. Elle pointe d\u00e9sormais \u00e0 une modeste 747e position. Et ne participera pas au Grand Chelem parisien cette ann\u00e9e, alors que les qualifications ont d\u00e9but\u00e9 ce lundi 19\u00a0mai.<\/p>\n<p>\u00a0<\/p>\n","protected":false},"excerpt":{"rendered":"Un petit tour et puis s\u2019en va. Aliz\u00e9 Cornet a \u00e9t\u00e9 balay\u00e9e au premier tour du tournoi de&hellip;\n","protected":false},"author":2,"featured_media":113330,"comment_status":"","ping_status":"","sticky":false,"template":"","format":"standard","meta":{"footnotes":""},"categories":[2820],"tags":[1111,11,3809,1465,1777,674,63,1011,27,775,1792,1922,1781,12,25,479,517,640,1470],"class_list":{"0":"post-113329","1":"post","2":"type-post","3":"status-publish","4":"format-standard","5":"has-post-thumbnail","7":"category-strasbourg","8":"tag-actu","9":"tag-actualites","10":"tag-ball","11":"tag-basket","12":"tag-eu","13":"tag-europe","14":"tag-football","15":"tag-fr","16":"tag-france","17":"tag-grand-est","18":"tag-handball","19":"tag-info","20":"tag-lorient","21":"tag-news","22":"tag-republique-francaise","23":"tag-rugby","24":"tag-sport","25":"tag-strasbourg","26":"tag-volley"},"share_on_mastodon":{"url":"https:\/\/pubeurope.com\/@fr\/114538021141442342","error":""},"_links":{"self":[{"href":"https:\/\/www.europesays.com\/fr\/wp-json\/wp\/v2\/posts\/113329","targetHints":{"allow":["GET"]}}],"collection":[{"href":"https:\/\/www.europesays.com\/fr\/wp-json\/wp\/v2\/posts"}],"about":[{"href":"https:\/\/www.europesays.com\/fr\/wp-json\/wp\/v2\/types\/post"}],"author":[{"embeddable":true,"href":"https:\/\/www.europesays.com\/fr\/wp-json\/wp\/v2\/users\/2"}],"replies":[{"embeddable":true,"href":"https:\/\/www.europesays.com\/fr\/wp-json\/wp\/v2\/comments?post=113329"}],"version-history":[{"count":0,"href":"https:\/\/www.europesays.com\/fr\/wp-json\/wp\/v2\/posts\/113329\/revisions"}],"wp:featuredmedia":[{"embeddable":true,"href":"https:\/\/www.europesays.com\/fr\/wp-json\/wp\/v2\/media\/113330"}],"wp:attachment":[{"href":"https:\/\/www.europesays.com\/fr\/wp-json\/wp\/v2\/media?parent=113329"}],"wp:term":[{"taxonomy":"category","embeddable":true,"href":"https:\/\/www.europesays.com\/fr\/wp-json\/wp\/v2\/categories?post=113329"},{"taxonomy":"post_tag","embeddable":true,"href":"https:\/\/www.europesays.com\/fr\/wp-json\/wp\/v2\/tags?post=113329"}],"curies":[{"name":"wp","href":"https:\/\/api.w.org\/{rel}","templated":true}]}}