{"id":113341,"date":"2025-05-20T03:30:10","date_gmt":"2025-05-20T03:30:10","guid":{"rendered":"https:\/\/www.europesays.com\/fr\/113341\/"},"modified":"2025-05-20T03:30:10","modified_gmt":"2025-05-20T03:30:10","slug":"voici-les-previsions-de-mardi","status":"publish","type":"post","link":"https:\/\/www.europesays.com\/fr\/113341\/","title":{"rendered":"voici les pr\u00e9visions de mardi"},"content":{"rendered":"<p>            Par<br \/>\n        <strong><br \/>\n            <a href=\"https:\/\/actu.fr\/auteur\/mareva-laville-actu-fr\" title=\"Consulter tous les articles de Mar\u00e9va Laville\" rel=\"nofollow noopener\" target=\"_blank\">Mar\u00e9va Laville<\/a><br \/>\n        <\/strong><\/p>\n<p>        Publi\u00e9 le<\/p>\n<p>            20 mai 2025 \u00e0 5h04        <\/p>\n<p>Fini les beaux jours \u00e0 <a href=\"http:\/\/www.actu.fr\/toulouse\" rel=\"nofollow noopener\" target=\"_blank\">Toulouse<\/a>. Le thermom\u00e8tre va radicalement baisser ce mardi 20\u00a0mai 2025, suite \u00e0<a href=\"https:\/\/actu.fr\/occitanie\/toulouse_31555\/orages-pluie-grele-et-vent-en-haute-garonne-meteo-france-declenche-la-vigilance-orange_62653644.html\" rel=\"nofollow noopener\" target=\"_blank\"> l\u2019\u00e9pisode orageux de la veille<\/a>. Ce mardi, <strong>au maximum, il fera 18\u00b0<\/strong>, avec au menu, de la pluie et du vent tout au long de la journ\u00e9e, d\u2019apr\u00e8s les pr\u00e9visions de <a href=\"https:\/\/actu.fr\/tag\/meteo-france\" rel=\"nofollow noopener\" target=\"_blank\">M\u00e9t\u00e9o France.<\/a><\/p>\n<p class=\" wall-content\">Le vent se l\u00e8vera par <strong>rafales allant jusqu\u2019\u00e0 55\u00a0km\/h<\/strong> d\u00e8s le matin. Rafales qui camperont jusque dans la soir\u00e9e, avec 55\u00a0km\/h aussi l\u2019apr\u00e8s-midi et 45\u00a0km\/h le soir.<\/p>\n<p class=\" wall-content\">\u00c0 ce retour du vent, il faut ajouter celui de la <strong>pluie<\/strong>. Cons\u00e9quence d\u2019une nouvelle arriv\u00e9e de la fameuse goutte froide\u2009! Les averses devraient n\u00e9anmoins \u00eatre faibles d\u2019apr\u00e8s M\u00e9t\u00e9o France. Avec un peu de chance, on pourrait m\u00eame entrevoir quelques rayons de soleil dans l\u2019apr\u00e8s-midi\u2026<\/p>\n<p>    <img   decoding=\"async\" loading=\"lazy\" src=\"https:\/\/www.europesays.com\/fr\/wp-content\/uploads\/2025\/05\/mardi20-toulouse-960x434.png\" alt=\"Voici les pr\u00e9visions de M\u00e9t\u00e9o France pour Toulouse ce mardi 20 mai 2025.\" width=\"960\" height=\"434\"\/><br \/>\n    Voici les pr\u00e9visions de M\u00e9t\u00e9o France pour Toulouse ce mardi 20\u00a0mai 2025. (\u00a9Capture d\u2019\u00e9cran M\u00e9t\u00e9o France)Et en Occitanie\u2009?<\/p>\n<p class=\" wall-content\">Le reste de la r\u00e9gion n\u2019aura gu\u00e8re meilleur temps.<strong> La matin\u00e9e sera pluvieuse<\/strong> dans la majorit\u00e9 de <a href=\"http:\/\/www.actu.fr\/toulouse\" rel=\"nofollow noopener\" target=\"_blank\">l\u2019Occitanie<\/a> mardi, \u00e0 quelques exceptions pr\u00e8s, dans les Pyr\u00e9n\u00e9es-Orientales et \u00e0 Montpellier.<\/p>\n<p class=\" wall-content\">Le <strong>littoral<\/strong> conna\u00eetra des am\u00e9liorations dans l\u2019apr\u00e8s-midi avec des temp\u00e9ratures agr\u00e9ables\u2009: <strong>21\u00b0C \u00e0 Perpignan et B\u00e9ziers, 23\u00b0C \u00e0 Montpellier et N\u00eemes.<\/strong><\/p>\n<p>Vid\u00e9os : en ce moment sur Actu<br \/>\n    <img   decoding=\"async\" loading=\"lazy\" src=\"https:\/\/www.europesays.com\/fr\/wp-content\/uploads\/2025\/05\/mardi20-occi-960x640.png\" alt=\"Voici les pr\u00e9visions de M\u00e9t\u00e9o France en Occitanie ce mardi 20 mai 2025.\" width=\"960\" height=\"640\"\/><br \/>\n    Voici les pr\u00e9visions de M\u00e9t\u00e9o France en Occitanie ce mardi 20\u00a0mai 2025. (\u00a9Capture d\u2019\u00e9cran M\u00e9t\u00e9o France)<\/p>\n<p class=\" wall-content\">Le reste de la r\u00e9gion restera sous la barre des 20\u00b0C, sauf Cahors qui la surpasse de peu. Il fera 16\u00b0C \u00e0 Foix, 18\u00b0C \u00e0 Tarbes et Carcassonne, 19\u00b0C \u00e0 Albi et Castres, 20\u00b0C \u00e0 Auch et Montauban. Le tout, accompagn\u00e9 de <strong>pluies faibles<\/strong> et de <strong>vent<\/strong>. Il sera pr\u00e9sent dans toute la r\u00e9gion avec des rafales, au plus haut, de 65\u00a0km\/h \u00e0 Carcassonne et Perpignan, contre 45 \u00e0 55\u00a0km\/h ailleurs en Occitanie.<\/p>\n<p class=\" wall-content\">Suivez toute l\u2019actualit\u00e9 de vos villes et m\u00e9dias favoris en vous inscrivant \u00e0 <a href=\"https:\/\/moncompte.actu.fr\" title=\"D\u00e9couvez Mon Actu\" rel=\"nofollow noopener\" data-trk=\"{&quot;cta&quot;:{&quot;action&quot;:&quot;https:\\\/\\\/moncompte.actu.fr&quot;,&quot;category&quot;:&quot;mon compte&quot;,&quot;from&quot;:&quot;article footer&quot;,&quot;name&quot;:&quot;Mon actu&quot;,&quot;type&quot;:&quot;cta&quot;}}\" target=\"_blank\">Mon Actu<\/a>.<\/p>\n","protected":false},"excerpt":{"rendered":"Par Mar\u00e9va Laville Publi\u00e9 le 20 mai 2025 \u00e0 5h04 Fini les beaux jours \u00e0 Toulouse. Le thermom\u00e8tre&hellip;\n","protected":false},"author":2,"featured_media":113342,"comment_status":"","ping_status":"","sticky":false,"template":"","format":"standard","meta":{"footnotes":""},"categories":[2816],"tags":[1111,11,1777,674,1011,27,2487,2357,12,2680,25,2312],"class_list":{"0":"post-113341","1":"post","2":"type-post","3":"status-publish","4":"format-standard","5":"has-post-thumbnail","7":"category-toulouse","8":"tag-actu","9":"tag-actualites","10":"tag-eu","11":"tag-europe","12":"tag-fr","13":"tag-france","14":"tag-meteo","15":"tag-meteo-france","16":"tag-news","17":"tag-occitanie","18":"tag-republique-francaise","19":"tag-toulouse"},"share_on_mastodon":{"url":"https:\/\/pubeurope.com\/@fr\/114538048679112939","error":""},"_links":{"self":[{"href":"https:\/\/www.europesays.com\/fr\/wp-json\/wp\/v2\/posts\/113341","targetHints":{"allow":["GET"]}}],"collection":[{"href":"https:\/\/www.europesays.com\/fr\/wp-json\/wp\/v2\/posts"}],"about":[{"href":"https:\/\/www.europesays.com\/fr\/wp-json\/wp\/v2\/types\/post"}],"author":[{"embeddable":true,"href":"https:\/\/www.europesays.com\/fr\/wp-json\/wp\/v2\/users\/2"}],"replies":[{"embeddable":true,"href":"https:\/\/www.europesays.com\/fr\/wp-json\/wp\/v2\/comments?post=113341"}],"version-history":[{"count":0,"href":"https:\/\/www.europesays.com\/fr\/wp-json\/wp\/v2\/posts\/113341\/revisions"}],"wp:featuredmedia":[{"embeddable":true,"href":"https:\/\/www.europesays.com\/fr\/wp-json\/wp\/v2\/media\/113342"}],"wp:attachment":[{"href":"https:\/\/www.europesays.com\/fr\/wp-json\/wp\/v2\/media?parent=113341"}],"wp:term":[{"taxonomy":"category","embeddable":true,"href":"https:\/\/www.europesays.com\/fr\/wp-json\/wp\/v2\/categories?post=113341"},{"taxonomy":"post_tag","embeddable":true,"href":"https:\/\/www.europesays.com\/fr\/wp-json\/wp\/v2\/tags?post=113341"}],"curies":[{"name":"wp","href":"https:\/\/api.w.org\/{rel}","templated":true}]}}