{"id":1133437,"date":"2026-08-18T00:44:40","date_gmt":"2026-08-18T00:44:40","guid":{"rendered":"https:\/\/www.europesays.com\/fr\/1133437\/"},"modified":"2026-08-18T00:44:40","modified_gmt":"2026-08-18T00:44:40","slug":"je-serai-devaste-si-alice-taglioni-revele-la-phrase-marquante-prononcee-par-jocelyn-quivrin","status":"publish","type":"post","link":"https:\/\/www.europesays.com\/fr\/1133437\/","title":{"rendered":"\u00ab\u00a0Je serai d\u00e9vast\u00e9 si&#8230;\u00a0\u00bb\u00a0: Alice Taglioni r\u00e9v\u00e8le la phrase marquante prononc\u00e9e par Jocelyn Quivrin"},"content":{"rendered":"<p>\n                            Alice Taglioni a refait sa vie depuis la mort de son compagnon, le com\u00e9dien Jocelyn Quivrin. \u00c9voquant comme rarement la disparition du p\u00e8re de son fils, elle a fait une r\u00e9v\u00e9lation sur une discussion qu&rsquo;ils avaient eue avant qu&rsquo;il ne d\u00e9c\u00e8de.<\/p>\n<p>Jocelyn Quivrin est mort en 2009, apr\u00e8s un accident de voiture. Et cela ne faisait alors que quelques mois qu&rsquo;avec sa compagne, l&rsquo;actrice <a href=\"https:\/\/www.journaldesfemmes.fr\/people\/personnalites\/2734015-alice-taglioni-couple-mari-laurent-delahousse-enfants-mort-ex-films\/\" title=\"Alice Taglioni\" rel=\"nofollow noopener\" target=\"_blank\">Alice Taglioni<\/a>, ils \u00e9taient devenus parents d&rsquo;un petit gar\u00e7on pr\u00e9nomm\u00e9 Charlie. Il faudra attendre 2014 pour que la com\u00e9dienne s&rsquo;affiche de nouveau en couple : ce sera au bras du journaliste et pr\u00e9sentateur Laurent Delahousse.\u00a0<\/p>\n<p>Elle a accept\u00e9 d&rsquo;\u00e9voquer sa vie amoureuse dans l&rsquo;\u00e9mission\u00a0<a href=\"https:\/\/www.youtube.com\/shorts\/CpE1HOQkKxg\" target=\"_blank\" rel=\"nofollow noopener\">Les Lueurs<\/a>, sur Youtube.\u00a0<\/p>\n<p>Alice Taglioni avait \u00e9voqu\u00e9 la mort avec\u00a0Jocelyn Quivrin : ce que lui avait dit l&rsquo;acteur\u00a0<\/p>\n<p>Lors de son interview,\u00a0Alice Taglioni a fait de troublantes confidences sur une conversation qu&rsquo;elle avait eue avec\u00a0Jocelyn Quivrin de son vivant. L&rsquo;ex-couple avait discut\u00e9&#8230; de la mort. Et de ses cons\u00e9quences. \u00ab\u00a0Moi, j&rsquo;aime la vie. Jocelyn, il aimait profond\u00e9ment la vie aussi et je sais que c&rsquo;\u00e9tait important pour lui parce que, bizarrement on en avait parl\u00e9 : &lsquo;Et si jamais&#8230;&rsquo; Et il m&rsquo;avait dit : &lsquo;Je serai d\u00e9vast\u00e9 si t&rsquo;\u00e9tais pas heureuse ou que tu continuais pas.&rsquo; Et c&rsquo;est tr\u00e8s fort, tr\u00e8s fort, d&rsquo;avoir pu dire \u00e7a avant de mourir justement\u00a0\u00bb, a racont\u00e9 l&rsquo;actrice du film\u00a0Le C\u0153ur des hommes.\u00a0<\/p>\n<p>Malgr\u00e9 cette requ\u00eate de son amoureux de l&rsquo;\u00e9poque,\u00a0Alice Taglioni (50 ans) ne supportait pas qu&rsquo;on lui dise sans arr\u00eat \u00ab\u00a0tu verras,\u00a0tu retomberas amoureuse et tout\u00a0\u00bb.<\/p>\n<p><a class=\"fancy\" href=\"https:\/\/img-3.journaldesfemmes.fr\/DJh_c1KAdwuFobhWOqK7hwDQkk4=\/1080x\/smart\/85ee30e0c88f4095aba6508bb7557287\/ccmcms-jdf\/40092859.jpg\" rel=\"nofollow noopener\" target=\"_blank\"><img decoding=\"async\" alt=\"\" src=\"https:\/\/www.europesays.com\/fr\/wp-content\/uploads\/2026\/08\/40092860.jpg\"\/><\/a><\/p>\n<p>\u00a9\u00a0NIVIERE-TV\/LORENVU-TV\/NRJ-NRJ MU<\/p>\n<p>Si elle assure qu&rsquo;elle ne comptait pas se laisser d\u00e9p\u00e9rir jusqu&rsquo;\u00e0 la fin de ses jours, elle n&rsquo;avait pas besoin qu&rsquo;on lui en parle constamment. \u00ab\u00a0J&rsquo;avais envie de leur dire : &lsquo;Mais bien s\u00fbr que je retomberai amoureuse, laissez-moi tranquille. J&rsquo;ai d\u00e9cid\u00e9 de vivre, donc c&rsquo;est pas pour vivre comme une nulle quoi, c&rsquo;est pas pour vivre en \u00e9tant triste.'\u00a0\u00bb, a-t-elle ajout\u00e9.<\/p>\n<p>Alice Taglioni a refait sa vie avec Laurent Delahousse<\/p>\n<p>Apr\u00e8s le deuil,\u00a0Alice Taglioni s&rsquo;est donc bel et bien remise \u00e0 vivre. Depuis 2014, celle qui vient de sortir son premier album intitul\u00e9 ADN, est <a href=\"https:\/\/www.journaldesfemmes.fr\/people\/actus\/3267313-alice-taglioni-reprimandee-par-laurent-delahousse-c-est-egoiste-de\/\" rel=\"nofollow noopener\" target=\"_blank\">en couple avec le pr\u00e9sentateur du JT de France 2, Laurent Delahousse<\/a>.\u00a0Avec son nouveau compagnon, la star a accueilli deux autres enfants\u00a0: elle donne naissance en f\u00e9vrier 2016\u00a0\u00e0 une petite fille pr\u00e9nomm\u00e9e Swann, puis \u00e0 un gar\u00e7on, pr\u00e9nomm\u00e9 Lino, en d\u00e9cembre 2019.<\/p>\n<p>R\u00e9cemment interrog\u00e9e par <a href=\"https:\/\/madame.lefigaro.fr\/celebrites\/culture\/alice-taglioni-avec-mes-enfants-j-ai-essaye-de-ne-pas-reproduire-ce-que-j-ai-mal-vecu-dans-mon-enfance-20260628\" target=\"_blank\" rel=\"nofollow noopener\">Madame Figaro<\/a>, elle d\u00e9clarait \u00e0 propos de leur \u00e9ducation : \u00ab\u00a0Il y a la famille dans laquelle on na\u00eet, que l&rsquo;on ne choisit pas, et celle que l&rsquo;on construit (&#8230;) On dit souvent que l&rsquo;on reproduit l&rsquo;\u00e9ducation re\u00e7ue de ses parents. J&rsquo;ai pourtant le sentiment d&rsquo;avoir fait l&rsquo;inverse. Avec mes enfants, j&rsquo;ai essay\u00e9 de ne pas reproduire ce que j&rsquo;ai mal v\u00e9cu dans mon enfance.\u00a0\u00bb<\/p>\n","protected":false},"excerpt":{"rendered":"Alice Taglioni a refait sa vie depuis la mort de son compagnon, le com\u00e9dien Jocelyn Quivrin. \u00c9voquant comme&hellip;\n","protected":false},"author":2,"featured_media":1133438,"comment_status":"","ping_status":"","sticky":false,"template":"","format":"standard","meta":{"footnotes":"","_share_on_mastodon":"0"},"categories":[8],"tags":[3723,5505,116243,51761,58,59,51763,1011,27,51766,51767],"class_list":["post-1133437","post","type-post","status-publish","format-standard","has-post-thumbnail","category-divertissement","tag-actus","tag-alice-taglioni","tag-cms-journaldesfemmes-3275267","tag-controller-content","tag-divertissement","tag-entertainment","tag-format-papier","tag-fr","tag-france","tag-les-histoires-du-jdf","tag-parallaxeinfeed"],"share_on_mastodon":{"url":"https:\/\/pubeurope.com\/@fr\/117113748800777482","error":""},"_links":{"self":[{"href":"https:\/\/www.europesays.com\/fr\/wp-json\/wp\/v2\/posts\/1133437","targetHints":{"allow":["GET"]}}],"collection":[{"href":"https:\/\/www.europesays.com\/fr\/wp-json\/wp\/v2\/posts"}],"about":[{"href":"https:\/\/www.europesays.com\/fr\/wp-json\/wp\/v2\/types\/post"}],"author":[{"embeddable":true,"href":"https:\/\/www.europesays.com\/fr\/wp-json\/wp\/v2\/users\/2"}],"replies":[{"embeddable":true,"href":"https:\/\/www.europesays.com\/fr\/wp-json\/wp\/v2\/comments?post=1133437"}],"version-history":[{"count":0,"href":"https:\/\/www.europesays.com\/fr\/wp-json\/wp\/v2\/posts\/1133437\/revisions"}],"wp:featuredmedia":[{"embeddable":true,"href":"https:\/\/www.europesays.com\/fr\/wp-json\/wp\/v2\/media\/1133438"}],"wp:attachment":[{"href":"https:\/\/www.europesays.com\/fr\/wp-json\/wp\/v2\/media?parent=1133437"}],"wp:term":[{"taxonomy":"category","embeddable":true,"href":"https:\/\/www.europesays.com\/fr\/wp-json\/wp\/v2\/categories?post=1133437"},{"taxonomy":"post_tag","embeddable":true,"href":"https:\/\/www.europesays.com\/fr\/wp-json\/wp\/v2\/tags?post=1133437"}],"curies":[{"name":"wp","href":"https:\/\/api.w.org\/{rel}","templated":true}]}}