{"id":113347,"date":"2025-05-20T03:34:11","date_gmt":"2025-05-20T03:34:11","guid":{"rendered":"https:\/\/www.europesays.com\/fr\/113347\/"},"modified":"2025-05-20T03:34:11","modified_gmt":"2025-05-20T03:34:11","slug":"les-taxis-provencaux-bloquent-marseille-pour-dire-non-au-nouveau-unique-du-transport-medical","status":"publish","type":"post","link":"https:\/\/www.europesays.com\/fr\/113347\/","title":{"rendered":"Les taxis proven\u00e7aux bloquent Marseille pour dire \u00ab\u00a0non\u00a0\u00bb au nouveau unique du transport m\u00e9dical"},"content":{"rendered":"<p>Jamais les Marseillais n\u2019ont roul\u00e9 aussi lentement. <a href=\"https:\/\/www.laprovence.com\/article\/societe\/90012860148493\/direct-laprovence-direct-operations-escargots-des-taxis-en-provence-le-point-sur-la-circulation-a-7h\" target=\"_blank\" rel=\"noopener\">Au d\u00e9part de la Valentine (11e) et de la gare TGV d\u2019Aix, sur l\u2019autoroute puis dans le centre-ville de Marseille \u00e0 partir de la mi-journ\u00e9e<\/a>, un cort\u00e8ge de cinq cents taxis a roul\u00e9 au pas durant plusieurs heures ce lundi 19\u00a0mai, dans le cadre d\u2019un appel national \u00e0 la gr\u00e8ve, ce qui a provoqu\u00e9 des embouteillages dans \u00e0 peu pr\u00e8s tous les quartiers de Marseille. Le but de l\u2019op\u00e9ration\u00a0? Les chauffeurs de taxis veulent mettre la pression sur le gouvernement pour qu\u2019il abandonne le tarif m\u00e9dical unique qui sera vers\u00e9 aux chauffeurs par la S\u00e9curit\u00e9 sociale \u00e0 compter du mois d\u2019octobre.<\/p>\n","protected":false},"excerpt":{"rendered":"Jamais les Marseillais n\u2019ont roul\u00e9 aussi lentement. Au d\u00e9part de la Valentine (11e) et de la gare TGV&hellip;\n","protected":false},"author":2,"featured_media":113348,"comment_status":"","ping_status":"","sticky":false,"template":"","format":"standard","meta":{"footnotes":""},"categories":[2814],"tags":[17,1111,11,23303,23237,1777,674,1011,27,151,884,12,471,13441,882,16,25,9548],"class_list":{"0":"post-113347","1":"post","2":"type-post","3":"status-publish","4":"format-standard","5":"has-post-thumbnail","7":"category-marseille","8":"tag-17","9":"tag-actu","10":"tag-actualites","11":"tag-bloquent","12":"tag-dire","13":"tag-eu","14":"tag-europe","15":"tag-fr","16":"tag-france","17":"tag-les","18":"tag-marseille","19":"tag-news","20":"tag-pour","21":"tag-provencaux","22":"tag-provence-alpes-cote-dazur","23":"tag-region","24":"tag-republique-francaise","25":"tag-taxis"},"share_on_mastodon":{"url":"https:\/\/pubeurope.com\/@fr\/114538064450032529","error":""},"_links":{"self":[{"href":"https:\/\/www.europesays.com\/fr\/wp-json\/wp\/v2\/posts\/113347","targetHints":{"allow":["GET"]}}],"collection":[{"href":"https:\/\/www.europesays.com\/fr\/wp-json\/wp\/v2\/posts"}],"about":[{"href":"https:\/\/www.europesays.com\/fr\/wp-json\/wp\/v2\/types\/post"}],"author":[{"embeddable":true,"href":"https:\/\/www.europesays.com\/fr\/wp-json\/wp\/v2\/users\/2"}],"replies":[{"embeddable":true,"href":"https:\/\/www.europesays.com\/fr\/wp-json\/wp\/v2\/comments?post=113347"}],"version-history":[{"count":0,"href":"https:\/\/www.europesays.com\/fr\/wp-json\/wp\/v2\/posts\/113347\/revisions"}],"wp:featuredmedia":[{"embeddable":true,"href":"https:\/\/www.europesays.com\/fr\/wp-json\/wp\/v2\/media\/113348"}],"wp:attachment":[{"href":"https:\/\/www.europesays.com\/fr\/wp-json\/wp\/v2\/media?parent=113347"}],"wp:term":[{"taxonomy":"category","embeddable":true,"href":"https:\/\/www.europesays.com\/fr\/wp-json\/wp\/v2\/categories?post=113347"},{"taxonomy":"post_tag","embeddable":true,"href":"https:\/\/www.europesays.com\/fr\/wp-json\/wp\/v2\/tags?post=113347"}],"curies":[{"name":"wp","href":"https:\/\/api.w.org\/{rel}","templated":true}]}}