{"id":113351,"date":"2025-05-20T03:36:14","date_gmt":"2025-05-20T03:36:14","guid":{"rendered":"https:\/\/www.europesays.com\/fr\/113351\/"},"modified":"2025-05-20T03:36:14","modified_gmt":"2025-05-20T03:36:14","slug":"une-grande-enquete-sur-les-conditions-de-deplacement-a-velo","status":"publish","type":"post","link":"https:\/\/www.europesays.com\/fr\/113351\/","title":{"rendered":"Une grande enqu\u00eate sur les conditions de d\u00e9placement \u00e0 v\u00e9lo"},"content":{"rendered":"<p>Lanc\u00e9 en 2017 par la F\u00e9d\u00e9ration des Usagers de la Bicyclette (FUB), le Barom\u00e8tre des villes cyclables revient en 2025 pour une 4\u00e8me \u00e9dition.\u00a0L\u2019enqu\u00eate a lieu jusqu\u2019au 2 juin 2025\u2026<\/p>\n<p>Cette enqu\u00eate est d\u00e9sormais une r\u00e9f\u00e9rence en mati\u00e8re d\u2019<strong>\u00e9valuation des conditions de d\u00e9placement \u00e0 v\u00e9lo<\/strong>. Elle offre en tous cas aux <strong>cyclistes<\/strong>, r\u00e9guliers ou occasionnels, une opportunit\u00e9 de faire entendre leur voix.\u00a0<\/p>\n<p>Au final, il s\u2019agit de <strong>dresser un \u00e9tat des lieux du v\u00e9lo en France<\/strong>, ville par ville. Et fournir aux <strong>collectivit\u00e9s<\/strong> un outil cl\u00e9 pour <strong>am\u00e9liorer les infrastructures cyclables<\/strong>.<\/p>\n<p><img fetchpriority=\"high\" decoding=\"async\" width=\"1200\" height=\"675\" src=\"https:\/\/www.europesays.com\/fr\/wp-content\/uploads\/2025\/05\/Voie-Lyonnaise-7.jpg\" alt=\"VL7\" class=\"wp-image-247163\"  \/><\/p>\n<p>Et Lyon n\u2019est pas en reste. Dans la Capitale des Gaules, c\u2019est l\u2019association <strong>La Ville \u00e0 V\u00e9lo<\/strong> qui est \u00e0 la man\u0153uvre pour mener cette enqu\u00eate. Nous avons rencontr\u00e9 <strong>Pierre-Marie Leguay<\/strong>, administrateur de <strong>la Ville \u00e0 V\u00e9lo<\/strong>\u2026 Ecoutez le podcast<\/p>\n<p>\u00ab\u00a0Il y a un gros point sur les <strong>am\u00e9nagements<\/strong>. Est-ce que les <strong>pistes<\/strong>, les <strong>bandes cyclables<\/strong> sont de qualit\u00e9 ? Leur permettent-elles de se d\u00e9placer d\u2019un bout \u00e0 l\u2019autre de la ville ? Est-ce que c\u2019est <strong>s\u00e9curis\u00e9<\/strong> ? Et il y a un point aussi sur le <strong>stationnement<\/strong>. O\u00f9 est-ce qu\u2019ils ont besoin de se stationner ? Est-ce qu\u2019ils ont peur de se faire <strong>voler les v\u00e9los<\/strong>, etc. ?\u00a0\u00bb explique <strong>Pierre-Marie<\/strong>.<\/p>\n<p>Ecoutez aussi : <a href=\"https:\/\/veloradio.fr\/station-service-pour-velos-bellecour\/\" target=\"_blank\" rel=\"noreferrer noopener\">Une station-service pour v\u00e9los \u00e0 Lyon\u2026<\/a><\/p>\n<p>Orienter les programmes des candidats aux municipales 2026<\/p>\n<p>Cette enqu\u00eate 2025 est primordiale \u00e0 moins d\u2019un an des <strong>\u00e9lections municipales<\/strong>. \u00ab\u00a0L\u2019id\u00e9e c\u2019est que les \u00e9lus, enfin les candidats d\u2019abord et puis les \u00e9lus apr\u00e8s, puissent utiliser les r\u00e9sultats pour proposer des <strong>am\u00e9nagements<\/strong> lors du mandat suivant. Depuis 2020, c\u2019est s\u00fbr qu\u2019il y a de chouettes am\u00e9nagements. L\u00e0, il y a l\u2019inauguration aujourd\u2019hui du <strong>parking de 1500 places \u00e0 la gare Part-dieu<\/strong>. Il y a un certain nombre d\u2019<strong>am\u00e9nagements cyclables<\/strong>. Les <strong>Voies Lyonnaises<\/strong>, c\u2019est super. Elles sont tr\u00e8s chouettes. Mais il y a aussi des renoncements. Et il y a notamment une partie des V<strong>oies Lyonnaises<\/strong> qui ne seront pas faites lors de ce mandat. Et l\u00e0, pour le coup, on a un avis plus critique\u00a0\u00bb.<\/p>\n<blockquote class=\"instagram-media\" data-instgrm-captioned=\"\" data-instgrm-permalink=\"https:\/\/www.instagram.com\/p\/DJuHE2wRO6H\/?utm_source=ig_embed&amp;utm_campaign=loading\" data-instgrm-version=\"14\" style=\" background:#FFF; border:0; border-radius:3px; box-shadow:0 0 1px 0 rgba(0,0,0,0.5),0 1px 10px 0 rgba(0,0,0,0.15); margin: 1px; max-width:540px; min-width:326px; padding:0; width:99.375%; width:-webkit-calc(100% - 2px); width:calc(100% - 2px);\"\/>\n<p>Vous avez jusqu\u2019au 2 juin 2025 pour voter sur le site <a href=\"https:\/\/www.barometre-velo.fr\/\" target=\"_blank\" rel=\"noreferrer noopener\">Barom\u00e8tre V\u00e9lo<\/a> et donner ainsi votre avis sur les <strong>conditions de d\u00e9placement \u00e0 v\u00e9lo<\/strong>. Les r\u00e9sultats de l\u2019enqu\u00eate, avec un classement des communes les plus favorables au v\u00e9lo, seront d\u00e9voil\u00e9s en septembre 2025. Le <strong>Barom\u00e8tre des villes cyclables<\/strong> permettra de faire toute la lumi\u00e8re sur les villes les plus v\u00e9lo-friendly<\/p>\n<p>Ecoutez aussi : <a href=\"https:\/\/www.lyondemain.fr\/les-bikers-insa-lyon\/\" target=\"_blank\" rel=\"noreferrer noopener\">Les Bikers : un atelier pour apprendre \u00e0 r\u00e9parer son v\u00e9lo<\/a><\/p>\n<p><img loading=\"lazy\" decoding=\"async\" width=\"1200\" height=\"675\" src=\"https:\/\/www.europesays.com\/fr\/wp-content\/uploads\/2025\/05\/conditions-de-deplacement-a-velo.jpg\" alt=\"conditions de d\u00e9placement \u00e0 v\u00e9lo\" class=\"wp-image-249507\"  \/>Pierre-Marie Leguay<br \/>\nJ\u2019aime \u00e7a\u00a0:<\/p>\n<p>J\u2019aime chargement\u2026<\/p>\n<p><a class=\"sd-link-color\"\/><\/p>\n<p>\n\tArticles similaires\n<\/p>\n<p>\t\t\t\t<img decoding=\"async\" src=\"https:\/\/www.europesays.com\/fr\/wp-content\/uploads\/2025\/05\/1747712174_457_7866158698e17e8ed633c05e8f8e7fe5d9e057ad78661c4dc34e413abb6b9f19\" alt=\"G\u00e9rald Bouchon\"\/><\/p>\n<p>Pionnier des radios libres, passionn\u00e9 de radio, journaliste et dirigeant de m\u00e9dias \u00e9co-responsables..<\/p>\n<p>\t\t\t<script async src=\"\/\/www.instagram.com\/embed.js\"><\/script><\/p>\n","protected":false},"excerpt":{"rendered":"Lanc\u00e9 en 2017 par la F\u00e9d\u00e9ration des Usagers de la Bicyclette (FUB), le Barom\u00e8tre des villes cyclables revient&hellip;\n","protected":false},"author":2,"featured_media":113352,"comment_status":"","ping_status":"","sticky":false,"template":"","format":"standard","meta":{"footnotes":""},"categories":[1889],"tags":[23304,1111,11,23305,2430,12791,23306,4188,1777,674,1011,27,2428,3434,12,23307,4798,25,12519,23034,23308],"class_list":{"0":"post-113351","1":"post","2":"type-post","3":"status-publish","4":"format-standard","5":"has-post-thumbnail","7":"category-lyon","8":"tag-24h-a-velo","9":"tag-actu","10":"tag-actualites","11":"tag-amenagements-cyclables","12":"tag-auvergne-rhone-alpes","13":"tag-barometre","14":"tag-deplacements-a-velo","15":"tag-elections-municipales","16":"tag-eu","17":"tag-europe","18":"tag-fr","19":"tag-france","20":"tag-lyon","21":"tag-municipales-2026","22":"tag-news","23":"tag-parkings-securises-pour-velos","24":"tag-pistes-cyclables","25":"tag-republique-francaise","26":"tag-securisation","27":"tag-villes-cyclables","28":"tag-voies-lyonnaises"},"share_on_mastodon":{"url":"https:\/\/pubeurope.com\/@fr\/114538072234447461","error":""},"_links":{"self":[{"href":"https:\/\/www.europesays.com\/fr\/wp-json\/wp\/v2\/posts\/113351","targetHints":{"allow":["GET"]}}],"collection":[{"href":"https:\/\/www.europesays.com\/fr\/wp-json\/wp\/v2\/posts"}],"about":[{"href":"https:\/\/www.europesays.com\/fr\/wp-json\/wp\/v2\/types\/post"}],"author":[{"embeddable":true,"href":"https:\/\/www.europesays.com\/fr\/wp-json\/wp\/v2\/users\/2"}],"replies":[{"embeddable":true,"href":"https:\/\/www.europesays.com\/fr\/wp-json\/wp\/v2\/comments?post=113351"}],"version-history":[{"count":0,"href":"https:\/\/www.europesays.com\/fr\/wp-json\/wp\/v2\/posts\/113351\/revisions"}],"wp:featuredmedia":[{"embeddable":true,"href":"https:\/\/www.europesays.com\/fr\/wp-json\/wp\/v2\/media\/113352"}],"wp:attachment":[{"href":"https:\/\/www.europesays.com\/fr\/wp-json\/wp\/v2\/media?parent=113351"}],"wp:term":[{"taxonomy":"category","embeddable":true,"href":"https:\/\/www.europesays.com\/fr\/wp-json\/wp\/v2\/categories?post=113351"},{"taxonomy":"post_tag","embeddable":true,"href":"https:\/\/www.europesays.com\/fr\/wp-json\/wp\/v2\/tags?post=113351"}],"curies":[{"name":"wp","href":"https:\/\/api.w.org\/{rel}","templated":true}]}}