{"id":113357,"date":"2025-05-20T03:40:08","date_gmt":"2025-05-20T03:40:08","guid":{"rendered":"https:\/\/www.europesays.com\/fr\/113357\/"},"modified":"2025-05-20T03:40:08","modified_gmt":"2025-05-20T03:40:08","slug":"discriminatoire-hypocrite-la-mise-a-larret-descalators-dans-une-fnac-de-paris-fait-vivement-reagir","status":"publish","type":"post","link":"https:\/\/www.europesays.com\/fr\/113357\/","title":{"rendered":"\u00ab\u00a0Discriminatoire\u00a0\u00bb, \u00ab\u00a0hypocrite\u00a0\u00bb&#8230; La mise \u00e0 l&rsquo;arr\u00eat d&rsquo;escalators dans une Fnac de Paris fait vivement r\u00e9agir"},"content":{"rendered":"<p>            Par<br \/>\n        <strong><br \/>\n            <a href=\"https:\/\/actu.fr\/auteur\/julie-bossart-actu-fr\" title=\"Consulter tous les articles de Julie Bossart\" rel=\"nofollow noopener\" target=\"_blank\">Julie Bossart<\/a><br \/>\n        <\/strong><\/p>\n<p>        Publi\u00e9 le<\/p>\n<p>            18 mai 2025 \u00e0 16h12        <\/p>\n<p>La Fnac fait-elle des \u00e9conomies d\u2019\u00e9nergie au d\u00e9triment de ses clients les moins mobiles\u2009? C\u2019est la question soulev\u00e9e sur les <a href=\"https:\/\/actu.fr\/tag\/reseaux-sociaux\" rel=\"nofollow noopener\" target=\"_blank\">r\u00e9seaux sociaux<\/a> depuis la publication d\u2019un tweet plein d\u2019aigreur. Sur X, un internaute a post\u00e9 d\u00e9but mai\u00a02025 une photo prise \u00e0 la <strong>Fnac des Ternes<\/strong>, situ\u00e9e dans le 17e arrondissement de <a href=\"https:\/\/actu.fr\/paris\/dernieres-actus\" rel=\"nofollow noopener\" target=\"_blank\">Paris<\/a>. Elle montre un panneau dispos\u00e9 devant un escalator entrav\u00e9 par un ruban rouge et surmont\u00e9 du message \u00ab\u2009Descente de l\u2019autre c\u00f4t\u00e9\u2009\u00bb. Le twittos commente\u2009: \u00ab\u2009La Fnac qui coupe ses escalators parce qu\u2019ils consomment trop d\u2019\u00e9lectricit\u00e9, achevez-moi.\u2009\u00bb<\/p>\n<p>\u00ab\u00a0L\u2019\u00e9quivalent de 2688 fois le tour du p\u00e9riph\u00e9rique\u00a0\u00bb<\/p>\n<p class=\" wall-content\">Sur l\u2019affichette, la Fnac justifie sa d\u00e9marche\u2009: \u00ab\u2009Je consomme \u00e0 moi seul 10 kilowattheures, ce qui \u00e9quivaut \u00e0 parcourir 75\u00a0km en voiture \u00e9lectrique. Nous sommes 16 sur le magasin et tournons 7j\/7, soit 2688 fois le tour du <a href=\"https:\/\/actu.fr\/ile-de-france\/paris_75056\/voies-de-covoiturage-sur-le-peripherique-a-paris-les-radars-entrent-en-action-les-amendes-peuvent-tomber_62580262.html\" rel=\"nofollow noopener\" target=\"_blank\">p\u00e9riph\u00e9rique parisien<\/a>.\u2009\u00bb<\/p>\n<p class=\" wall-content\">\n<p class=\" wall-content\">Les r\u00e9actions ne sont pas piqu\u00e9es des hannetons. Certains y voient une raison pour bouder la marque et se rabattre sur les plateformes en ligne\u2009: \u00ab\u00a0Si je vois \u00e7a \u00e0 la Fnac, je remets mes articles en rayon, je sors du magasin, et je commande sur <a href=\"https:\/\/actu.fr\/tag\/amazon\" rel=\"nofollow noopener\" target=\"_blank\">Amazon<\/a>\u00ab\u00a0; \u00ab\u00a0Y a-t-il encore une seule raison valable d\u2019aller \u00e0 la Fnac et de ne pas lui pr\u00e9f\u00e9rer Amazon\u2009?\u00a0\u00bb; \u00c7a tombe bien, c\u2019est plus \u00e9cologique de se faire livrer \u00e0 domicile que d\u2019aller a la Fnac en voiture\u00a0\u00bb.\u00a0<\/p>\n<p class=\" wall-content\">Il y en a aussi qui d\u00e9noncent une forme d\u2019hypocrisie\u2009: \u00ab\u2009Mettre sur le dos de l\u2019\u00e9cologie l\u2019arr\u00eat des escalators alors que c\u2019est essentiellement d\u00fb au tarif de l\u2019\u00e9lectricit\u00e9 europ\u00e9en faut oser\u2009\u00bb\u2009; \u00ab\u2009C\u2019est la course aux \u00e9conomies ne vous y trompez pas\u2026 ils r\u00e9duisent les co\u00fbts de fonctionnement sous couvert de bienveillance climatique\u2026\u2009\u00bb Ou qui d\u00e9plorent un retour en arri\u00e8re\u2009: \u00ab\u2009Tout ce qui faisait partie du progr\u00e8s, de l\u2019augmentation du confort, toutes les innovations des soixante-dix derni\u00e8res ann\u00e9es r\u00e9duites petit \u00e0 petit au n\u00e9ant. Bient\u00f4t on va retourner au lavoir et au balai.\u2009\u00bb<\/p>\n<p class=\" wall-content\">D\u2019autres internautes, bien que d\u00e9plorant un \u00ab\u00a0raisonnement lunaire\u00a0\u00bb, s\u2019en prennent aux gens qui ne peuvent pas se bouger le c\u2026 et monter un p\u2026 d\u2019escalier tout seul comme des grands\u2009?\u00a0\u00bb Une r\u00e9ponse arrive tel un boomerang.<\/p>\n<p class=\" wall-content\">\u00ab\u2009Dit le valide ou plut\u00f4t l\u2019\u00e9go\u00efste qui pense que les personnes \u00e0 mobilit\u00e9 r\u00e9duite et les personnes \u00e2g\u00e9es sont incultes, lui est-il r\u00e9pondu\u2026 Supprimons les escalators dans les gares et le m\u00e9tro aussi tant qu\u2019on y est, et organisons un concours de chaises roulantes sur les Champs-\u00c9lys\u00e9es\u2009!\u2009\u00bb; \u00ab\u00a0C\u2019est tout bonnement discriminatoire\u00a0\u00bb, embraie un autre. \u00ab\u2009C\u2019est pas sympa pour les personnes \u00e2g\u00e9es ou qui se d\u00e9placent avec difficult\u00e9\u2009!, poursuit un autre twittos. Pour aller \u00e0 la Fnac, il faut d\u00e9sormais \u00eatre jeune et en forme, \u00e7a me rappelle quelque chose\u2009!\u2009\u00bb<\/p>\n<p>Une mesure \u00ab\u00a0quand le trafic est faible\u00a0\u00bb<\/p>\n<p class=\" wall-content\">La d\u00e9marche du magasin fait d\u00e9bat, mais la Fnac assume. Contact\u00e9e, l\u2019enseigne insiste sur le fait que \u00ab\u2009certains escalators du magasin, lorsqu\u2019ils sont en double, et \u00e0 certains moments o\u00f9 le trafic en magasin est plus faible [sont arr\u00eat\u00e9s]. Les clients et visiteurs sont invit\u00e9s \u00e0 emprunter l\u2019autre escalator en service.\u2009\u00bb Elle pr\u00e9cise \u00e9galement que \u00ab\u2009des ascenseurs sont \u00e9galement disponibles, donc il n\u2019y a aucun sujet sur le plan de l\u2019accueil des clients comme de l\u2019accessibilit\u00e9\u2009\u00bb.<\/p>\n<p class=\" wall-content\">En 2021, Fnac Darty a lanc\u00e9 son plan strat\u00e9gique Everyday, en consacrant la RSE comme un de ses axes majeurs. Dans un <a href=\"https:\/\/www.fnacdarty.com\/wp-content\/uploads\/2024\/07\/fnac-darty-rapport-rse-2023.pdf\" rel=\"nofollow noopener\" target=\"_blank\">bilan 2023-2024<\/a>, le groupe indiquait qu\u2019en mati\u00e8re de <a href=\"https:\/\/actu.fr\/planete\/energies\/chaque-geste-compte-coup-d-envoi-de-la-campagne-du-gouvernement-pour-plus-de-sobriete-energetique_61762191.html\" rel=\"nofollow noopener\" target=\"_blank\">consommation \u00e9nerg\u00e9tique<\/a>, \u00ab\u00a0de nombreuses actions sont d\u00e9ploy\u00e9es\u2009: des \u00e9quipements moins \u00e9nergivores, la mise en place d\u2019un \u00e9clairage r\u00e9duit, de nouvelles consignes de temp\u00e9rature, le renforcement des op\u00e9rations de maintenance ou encore la sensibilisation des \u00e9quipes.\u00a0\u00bb Dans ce bilan, il \u00e9tait aussi annonc\u00e9 que le groupe \u00e9tait parvenu \u00e0 r\u00e9duire de 13\u2009% l\u2019\u00e9lectricit\u00e9 consomm\u00e9e, 137 magasins [sur 1010] sont pass\u00e9s en \u00e9clairage LED en 2023 et 51\u2009% d\u2019\u00e9lectricit\u00e9 est d\u2019origine renouvelable dans le mix total de consommation\u00a0\u00bb.\u00a0<\/p>\n<p class=\" wall-content\">Sollicit\u00e9e dans un deuxi\u00e8me temps pour apporter des pr\u00e9cisions sur la consommation \u00e9nerg\u00e9tique de ses magasins parisiens, la Fnac n\u2019\u00e9tait pas encore revenue vers nous.<\/p>\n<p class=\" wall-content\">Suivez toute l\u2019actualit\u00e9 de vos villes et m\u00e9dias favoris en vous inscrivant \u00e0 <a href=\"https:\/\/moncompte.actu.fr\" title=\"D\u00e9couvez Mon Actu\" rel=\"nofollow noopener\" data-trk=\"{&quot;cta&quot;:{&quot;action&quot;:&quot;https:\\\/\\\/moncompte.actu.fr&quot;,&quot;category&quot;:&quot;mon compte&quot;,&quot;from&quot;:&quot;article footer&quot;,&quot;name&quot;:&quot;Mon actu&quot;,&quot;type&quot;:&quot;cta&quot;}}\" target=\"_blank\">Mon Actu<\/a>.<\/p>\n","protected":false},"excerpt":{"rendered":"Par Julie Bossart Publi\u00e9 le 18 mai 2025 \u00e0 16h12 La Fnac fait-elle des \u00e9conomies d\u2019\u00e9nergie au d\u00e9triment&hellip;\n","protected":false},"author":2,"featured_media":113358,"comment_status":"","ping_status":"","sticky":false,"template":"","format":"standard","meta":{"footnotes":""},"categories":[1888],"tags":[1111,1928,11,1927,215,130,579,1777,674,1011,27,12,1926,626,1925,52,25],"class_list":{"0":"post-113357","1":"post","2":"type-post","3":"status-publish","4":"format-standard","5":"has-post-thumbnail","7":"category-paris","8":"tag-actu","9":"tag-actu-paris","10":"tag-actualites","11":"tag-actualites-paris","12":"tag-commerce","13":"tag-consommation","14":"tag-electricite","15":"tag-eu","16":"tag-europe","17":"tag-fr","18":"tag-france","19":"tag-news","20":"tag-news-paris","21":"tag-paris","22":"tag-paris-news","23":"tag-planete","24":"tag-republique-francaise"},"share_on_mastodon":{"url":"https:\/\/pubeurope.com\/@fr\/114538087993124422","error":""},"_links":{"self":[{"href":"https:\/\/www.europesays.com\/fr\/wp-json\/wp\/v2\/posts\/113357","targetHints":{"allow":["GET"]}}],"collection":[{"href":"https:\/\/www.europesays.com\/fr\/wp-json\/wp\/v2\/posts"}],"about":[{"href":"https:\/\/www.europesays.com\/fr\/wp-json\/wp\/v2\/types\/post"}],"author":[{"embeddable":true,"href":"https:\/\/www.europesays.com\/fr\/wp-json\/wp\/v2\/users\/2"}],"replies":[{"embeddable":true,"href":"https:\/\/www.europesays.com\/fr\/wp-json\/wp\/v2\/comments?post=113357"}],"version-history":[{"count":0,"href":"https:\/\/www.europesays.com\/fr\/wp-json\/wp\/v2\/posts\/113357\/revisions"}],"wp:featuredmedia":[{"embeddable":true,"href":"https:\/\/www.europesays.com\/fr\/wp-json\/wp\/v2\/media\/113358"}],"wp:attachment":[{"href":"https:\/\/www.europesays.com\/fr\/wp-json\/wp\/v2\/media?parent=113357"}],"wp:term":[{"taxonomy":"category","embeddable":true,"href":"https:\/\/www.europesays.com\/fr\/wp-json\/wp\/v2\/categories?post=113357"},{"taxonomy":"post_tag","embeddable":true,"href":"https:\/\/www.europesays.com\/fr\/wp-json\/wp\/v2\/tags?post=113357"}],"curies":[{"name":"wp","href":"https:\/\/api.w.org\/{rel}","templated":true}]}}