{"id":11336,"date":"2025-04-08T23:17:15","date_gmt":"2025-04-08T23:17:15","guid":{"rendered":"https:\/\/www.europesays.com\/fr\/11336\/"},"modified":"2025-04-08T23:17:15","modified_gmt":"2025-04-08T23:17:15","slug":"des-tests-sanguins-pour-mieux-depister-la-maladie","status":"publish","type":"post","link":"https:\/\/www.europesays.com\/fr\/11336\/","title":{"rendered":"des tests sanguins pour mieux d\u00e9pister la maladie ?"},"content":{"rendered":"<p>             <a href=\"https:\/\/ma-sante.news\/wp-content\/uploads\/2025\/04\/depistage-alzheimer-tests-sanguins-Ma-Sante.jpg\" data-caption=\"Jusqu&#039;\u00e0 pr\u00e9sent, la confirmation d&#039;Alzheimer n\u00e9cessitait une ponction lombaire invasive ou un TEP co\u00fbteux et peu accessible. Le d\u00e9pistage par test sanguin appara\u00eet donc comme une solution prometteuse et accessible pour tous. \u00a9 Freepik\" target=\"_blank\" rel=\"noopener\"><img loading=\"lazy\" decoding=\"async\" width=\"696\" height=\"463\" class=\"entry-thumb td-modal-image\" src=\"data:image\/svg+xml,%3Csvg%20xmlns=\" http:=\"\" data-lazy- data-lazy- alt=\"Une personne qui effectue le test sanguin pour d\u00e9tecter la maladie d'Alzheimer.\" title=\"d\u00e9pistage alzheimer tests sanguins Ma Sant\u00e9\" data-lazy-src=\"https:\/\/www.europesays.com\/fr\/wp-content\/uploads\/2025\/04\/depistage-alzheimer-tests-sanguins-Ma-Sante-696x463.jpg\"\/><\/a>Jusqu&rsquo;\u00e0 pr\u00e9sent, la confirmation d&rsquo;Alzheimer n\u00e9cessitait une ponction lombaire invasive ou un TEP co\u00fbteux et peu accessible. Le d\u00e9pistage par test sanguin appara\u00eet donc comme une solution prometteuse et accessible pour tous. \u00a9 Freepik                                    \t\t\t             <a class=\"gofollow\" data-track=\"MjgsMCwxLDYw\" href=\"https:\/\/ma-sante.news\/inscrivez-vous-a-notre-newsletter\/\" target=\"_blank\" rel=\"noopener\"><img loading=\"lazy\" decoding=\"async\" width=\"1068\" height=\"131\" src=\"data:image\/svg+xml,%3Csvg%20xmlns=\" http:=\"\" data-lazy-src=\"https:\/\/www.europesays.com\/fr\/wp-content\/uploads\/2025\/03\/banniere-newsletter.png\"\/><\/a> <\/p>\n<p><a href=\"https:\/\/ma-sante.news\/alzheimer-mais-pourquoi-la-maladie-touche-de-plus-en-plus-de-monde\/\" target=\"_blank\" rel=\"noopener\">La maladie d\u2019Alzheimer touche pr\u00e8s de 1 million de personnes en France<\/a>, et plus de 225 000 nouveaux cas sont diagnostiqu\u00e9s chaque ann\u00e9e. Pourtant, son diagnostic reste long, complexe et souvent tardif. Imagerie c\u00e9r\u00e9brale, examens neuropsychologiques, ponctions lombaires\u2026 Autant de proc\u00e9dures parfois lourdes, co\u00fbteuses, et pas toujours accessibles.<\/p>\n<p>Mais depuis quelques mois, une petite r\u00e9volution est en marche : le test sanguin de d\u00e9tection d\u2019Alzheimer. Plus rapide, moins invasif et bient\u00f4t rembours\u00e9 ? C\u2019est une v\u00e9ritable promesse pour des millions de patients et leurs familles.<\/p>\n<p>        Comment marche le test sanguin du d\u00e9pistage d\u2019Alzheimer ?    <strong>Des biomarqueurs dans le sang, comme un signal d\u2019alerte<\/strong>    <\/p>\n<p>Dans le sang, certains marqueurs biologiques, appel\u00e9s biomarqueurs, peuvent r\u00e9v\u00e9ler la pr\u00e9sence des l\u00e9sions typiques de la maladie d\u2019Alzheimer, bien avant l\u2019apparition des sympt\u00f4mes.<\/p>\n<p>Les deux principaux biomarqueurs recherch\u00e9s sont :<\/p>\n<ul class=\"wp-block-list\">\n<li>La prot\u00e9ine b\u00eata-amylo\u00efde : en cas d\u2019Alzheimer, elle s\u2019accumule anormalement dans le cerveau.<\/li>\n<li>La prot\u00e9ine tau phosphoryl\u00e9e : elle refl\u00e8te la d\u00e9g\u00e9n\u00e9rescence des neurones.<\/li>\n<\/ul>\n<p>Selon l\u2019Inserm, ces tests permettent de d\u00e9tecter de fa\u00e7on fiable<a href=\"https:\/\/ma-sante.news\/alzheimer-pertes-memoire-pas-seul-signe-avant-coureur-sommeil\/\" target=\"_blank\" rel=\"noopener\"> les signes biologiques pr\u00e9coces de la maladie, souvent 10 \u00e0 15 ans avant les troubles de la m\u00e9moire.<\/a><\/p>\n<p>        <strong>Une pr\u00e9cision de plus en plus fine<\/strong>    <\/p>\n<p>D\u2019apr\u00e8s une \u00e9tude relay\u00e9e par L\u2019Internaute Sant\u00e9, un nouveau test d\u00e9velopp\u00e9 par des chercheurs australiens et am\u00e9ricains permet non seulement de d\u00e9tecter Alzheimer, mais aussi d\u2019\u00e9valuer son stade d\u2019\u00e9volution, gr\u00e2ce \u00e0 <a href=\"https:\/\/ma-sante.news\/comment-lire-sa-prise-de-sang\/\" target=\"_blank\" rel=\"noopener\">une simple prise de sang.<\/a><\/p>\n<p>Ces tests affichent une fiabilit\u00e9 allant jusqu\u2019\u00e0 90 %, ce qui les rend comparables aux<a href=\"https:\/\/ma-sante.news\/le-scanner-comment-se-deroule-lexamen\/\" target=\"_blank\" rel=\"noopener\"> examens d\u2019imagerie c\u00e9r\u00e9brale (comme le PET scan)<\/a>, mais avec un co\u00fbt et une accessibilit\u00e9 bien moindres.<\/p>\n<p>Selon l\u2019Inserm, ces tests sont en train de passer du statut de recherche \u00e0 celui d\u2019outil clinique, avec une int\u00e9gration progressive dans les centres m\u00e9moire et les protocoles m\u00e9dicaux.<\/p>\n<p>        O\u00f9 en est-on en France ?    <strong>Une mise en place encore en cours<\/strong>    <\/p>\n<p>En France, ces tests ne sont pas encore disponibles \u00e0 grande \u00e9chelle, mais les choses bougent vite. \u00c0 Bordeaux, le Pr St\u00e9phane Epelbaum, neurologue engag\u00e9 dans <a href=\"https:\/\/ma-sante.news\/alzheimer-et-autres-demences-le-vaccin-contre-le-zona-pour-reduire-le-risque\/\" target=\"_blank\" rel=\"noopener\">la recherche sur Alzheimer<\/a>, milite pour leur int\u00e9gration rapide dans le parcours de soin. Selon lui, \u201cces tests vont permettre un diagnostic plus pr\u00e9coce et une meilleure orientation th\u00e9rapeutique\u201c.<\/p>\n<p>Une \u00e9tude pilote est en cours dans plusieurs centres hospitaliers fran\u00e7ais pour tester l\u2019int\u00e9gration clinique de ces tests.<\/p>\n<p>        <strong>Pourquoi c\u2019est une bonne nouvelle (et pour qui) ?<\/strong>    <\/p>\n<p>C\u2019est un outil pr\u00e9cieux pour les m\u00e9decins et les patients pour plusieurs raisons.\u00a0<\/p>\n<ul class=\"wp-block-list\">\n<li>Moins invasif qu\u2019une ponction lombaire<\/li>\n<li>Moins cher qu\u2019un scanner c\u00e9r\u00e9bral (le co\u00fbt d\u2019un test sanguin pourrait se situer entre 100 et 300 euros)<\/li>\n<li>Plus accessible, notamment pour les zones rurales ou les personnes \u00e2g\u00e9es isol\u00e9es<\/li>\n<\/ul>\n<p>Ce test pourrait notamment \u00eatre utile pour :<\/p>\n<ul class=\"wp-block-list\">\n<li>Les personnes \u00e0 risque (ant\u00e9c\u00e9dents familiaux)<\/li>\n<li>Les patients avec troubles cognitifs l\u00e9gers<\/li>\n<li>Les essais cliniques, pour rep\u00e9rer plus vite les patients \u00e9ligibles \u00e0 de nouveaux traitements<\/li>\n<\/ul>\n<p>        Vers un d\u00e9pistage de masse ?    <\/p>\n<p>Les experts restent prudents : il ne s\u2019agit pas de g\u00e9n\u00e9raliser ce test \u00e0 toute la population. Le but n\u2019est pas de d\u00e9pister syst\u00e9matiquement tout le monde, mais de proposer un outil fiable, rapide et accessible, dans un cadre m\u00e9dical rigoureux.<\/p>\n<p>Selon l\u2019Inserm, il faudra encore d\u00e9finir les protocoles d\u2019utilisation, former les m\u00e9decins et \u00e9viter les d\u00e9rives d\u2019un usage hors contr\u00f4le.<\/p>\n<p>Mais l\u2019avenir se dessine clairement : le test sanguin pour Alzheimer devrait devenir une pratique courante d\u2019ici quelques ann\u00e9es.<\/p>\n<blockquote class=\"wp-block-quote is-layout-flow wp-block-quote-is-layout-flow\">\n<p><strong>\u00c0 SAVOIR<\/strong><\/p>\n<p>C\u2019est en 2020 que le tout premier test sanguin d\u00e9tectant les prot\u00e9ines tau phosphoryl\u00e9es a \u00e9t\u00e9 valid\u00e9 cliniquement, marquant un tournant dans la recherche sur Alzheimer. Cette innovation a \u00e9t\u00e9 publi\u00e9e dans JAMA, l\u2019une des revues m\u00e9dicales les plus reconnues au monde.<\/p>\n<\/blockquote>\n<p>  <a class=\"gofollow\" data-track=\"MTIsMCwxLDYw\" href=\"https:\/\/ma-sante.news\/annonceurs\/\" target=\"_blank\" rel=\"noopener\"><img loading=\"lazy\" decoding=\"async\" width=\"2560\" height=\"2133\" src=\"data:image\/svg+xml,%3Csvg%20xmlns=\" http:=\"\" data-lazy-src=\"https:\/\/www.europesays.com\/fr\/wp-content\/uploads\/2025\/03\/pub-annonceurs-4-scaled.jpg\"\/><\/a>    <img loading=\"lazy\" decoding=\"async\" width=\"755\" height=\"495\" src=\"data:image\/svg+xml,%3Csvg%20xmlns=\" http:=\"\" data-lazy-src=\"https:\/\/www.europesays.com\/fr\/wp-content\/uploads\/2025\/03\/Image1.jpg\"\/>Inscrivez-vous \u00e0 notre newsletter <br \/>Ma Sant\u00e9                      <\/p>\n","protected":false},"excerpt":{"rendered":"Jusqu&rsquo;\u00e0 pr\u00e9sent, la confirmation d&rsquo;Alzheimer n\u00e9cessitait une ponction lombaire invasive ou un TEP co\u00fbteux et peu accessible. Le&hellip;\n","protected":false},"author":2,"featured_media":11337,"comment_status":"","ping_status":"","sticky":false,"template":"","format":"standard","meta":{"footnotes":""},"categories":[10],"tags":[772,5420,1011,27,72,71],"class_list":{"0":"post-11336","1":"post","2":"type-post","3":"status-publish","4":"format-standard","5":"has-post-thumbnail","7":"category-sante","8":"tag-alzheimer","9":"tag-du00e9pistage","10":"tag-fr","11":"tag-france","12":"tag-health","13":"tag-sante"},"share_on_mastodon":{"url":"https:\/\/pubeurope.com\/@fr\/114304899130335578","error":""},"_links":{"self":[{"href":"https:\/\/www.europesays.com\/fr\/wp-json\/wp\/v2\/posts\/11336","targetHints":{"allow":["GET"]}}],"collection":[{"href":"https:\/\/www.europesays.com\/fr\/wp-json\/wp\/v2\/posts"}],"about":[{"href":"https:\/\/www.europesays.com\/fr\/wp-json\/wp\/v2\/types\/post"}],"author":[{"embeddable":true,"href":"https:\/\/www.europesays.com\/fr\/wp-json\/wp\/v2\/users\/2"}],"replies":[{"embeddable":true,"href":"https:\/\/www.europesays.com\/fr\/wp-json\/wp\/v2\/comments?post=11336"}],"version-history":[{"count":0,"href":"https:\/\/www.europesays.com\/fr\/wp-json\/wp\/v2\/posts\/11336\/revisions"}],"wp:featuredmedia":[{"embeddable":true,"href":"https:\/\/www.europesays.com\/fr\/wp-json\/wp\/v2\/media\/11337"}],"wp:attachment":[{"href":"https:\/\/www.europesays.com\/fr\/wp-json\/wp\/v2\/media?parent=11336"}],"wp:term":[{"taxonomy":"category","embeddable":true,"href":"https:\/\/www.europesays.com\/fr\/wp-json\/wp\/v2\/categories?post=11336"},{"taxonomy":"post_tag","embeddable":true,"href":"https:\/\/www.europesays.com\/fr\/wp-json\/wp\/v2\/tags?post=11336"}],"curies":[{"name":"wp","href":"https:\/\/api.w.org\/{rel}","templated":true}]}}