{"id":113368,"date":"2025-05-20T03:46:08","date_gmt":"2025-05-20T03:46:08","guid":{"rendered":"https:\/\/www.europesays.com\/fr\/113368\/"},"modified":"2025-05-20T03:46:08","modified_gmt":"2025-05-20T03:46:08","slug":"steve-bannon-denonce-une-trahison-organisee-des-elites-au-profit-de-la-chine","status":"publish","type":"post","link":"https:\/\/www.europesays.com\/fr\/113368\/","title":{"rendered":"Steve Bannon d\u00e9nonce une trahison organis\u00e9e des \u00e9lites au profit de la Chine"},"content":{"rendered":"<p>Quand les usines s\u2019\u00e9teignent, c\u2019est l\u2019Occident qui vacille. Steve Bannon sonne l\u2019alarme dans un entretien percutant sur la trahison orchestr\u00e9e de nos \u00e9conomies par une oligarchie mondialis\u00e9e.<\/p>\n<p>Dans un nouvel \u00e9pisode de l\u2019\u00e9mission\u00a0<strong>American Thought Leaders<\/strong>, l\u2019ancien strat\u00e8ge de Donald Trump,\u00a0<strong>Steve Bannon<\/strong>, livre une analyse tranchante de la mondialisation telle qu\u2019elle s\u2019est impos\u00e9e depuis quarante ans. Pour lui, ce n\u2019est ni un accident, ni une erreur d\u2019aiguillage historique, mais\u00a0<strong>une trahison volontaire<\/strong>\u00a0: celle d\u2019une caste transnationale qui a m\u00e9thodiquement sacrifi\u00e9 les classes moyennes occidentales sur l\u2019autel de l\u2019enrichissement personnel et de l\u2019entente tacite avec le Parti communiste chinois.<\/p>\n<p>Une \u201cmondialisation heureuse\u201d au go\u00fbt amer<\/p>\n<p>On se souvient des promesses : ouverture, prosp\u00e9rit\u00e9 partag\u00e9e, \u201cpaix par le commerce\u201d. Mais derri\u00e8re le discours rassurant des \u00e9lites politiques, financi\u00e8res et m\u00e9diatiques, Steve Bannon voit\u00a0<strong>un plan cynique et coh\u00e9rent<\/strong>. Les grandes puissances occidentales, sous l\u2019influence directe de Wall Street, de la City et de multinationales d\u00e9territorialis\u00e9es,\u00a0<strong>ont volontairement d\u00e9mantel\u00e9 leur appareil industriel<\/strong>, transf\u00e9rant cha\u00eenes de production et savoir-faire vers une Chine alors en pleine ascension.<\/p>\n<p>Le r\u00e9sultat\u202f? Une\u00a0<strong>h\u00e9g\u00e9monie chinoise construite sur les ruines de Detroit, Manchester, Lille ou Turin<\/strong>, une d\u00e9pendance strat\u00e9gique dans tous les secteurs cl\u00e9s (technologies, m\u00e9dicaments, \u00e9quipements militaires), et des peuples tenus \u00e0 l\u2019\u00e9cart des choix fondamentaux qui redessinent leur avenir.<\/p>\n<p>Une collusion d\u2019\u00e9lites contre les peuples<\/p>\n<p>Bannon ne m\u00e2che pas ses mots. Il d\u00e9crit\u00a0<strong>une alliance contre-nature entre les grands argentiers de l\u2019Occident et les planificateurs autoritaires de P\u00e9kin<\/strong>, tous unis par le m\u00eame int\u00e9r\u00eat : maximiser les profits, comprimer les co\u00fbts, ignorer les fronti\u00e8res. Cette trahison des int\u00e9r\u00eats nationaux, selon lui, n\u2019est pas une d\u00e9rive de la mondialisation mais\u00a0<strong>sa matrice m\u00eame<\/strong>.<\/p>\n<p>\u00c0 l\u2019\u00e8re o\u00f9 l\u2019on parle de \u201cd\u00e9mocratie inclusive\u201d, les peuples eux,\u00a0<strong>n\u2019ont pas eu voix au chapitre<\/strong>. Ils ont subi la d\u00e9sindustrialisation, l\u2019effacement de leur souverainet\u00e9 \u00e9conomique, et le d\u00e9classement social. Car pour Bannon, l\u2019id\u00e9ologie mondialiste n\u2019est rien d\u2019autre que\u00a0<strong>le projet politique d\u2019une caste coup\u00e9e des r\u00e9alit\u00e9s<\/strong>, hostile \u00e0 toute forme d\u2019autonomie populaire.<\/p>\n<p>L\u2019alternative : souverainet\u00e9 et r\u00e9industrialisation<\/p>\n<p>Mais tout n\u2019est pas perdu, affirme-t-il. Depuis 2016,\u00a0<strong>une contre-doctrine \u00e9merge<\/strong>, port\u00e9e par Donald Trump et ses soutiens :\u00a0<strong>r\u00e9ciprocit\u00e9 commerciale, relocalisation, et restauration de l\u2019ind\u00e9pendance nationale<\/strong>. Pour Bannon, la guerre commerciale n\u2019est qu\u2019un sympt\u00f4me :\u00a0<strong>la v\u00e9ritable bataille est existentielle<\/strong>. Elle oppose deux visions du monde \u2013 celle d\u2019un Occident souverain et enracin\u00e9, et celle d\u2019un ordre global technocratique et asservissant.<\/p>\n<p>Ce qu\u2019il d\u00e9fend, c\u2019est\u00a0<strong>le retour \u00e0 un capitalisme patriote<\/strong>, capable de d\u00e9fendre les emplois locaux, les savoir-faire nationaux, et l\u2019identit\u00e9 m\u00eame des peuples. Face \u00e0 l\u2019empire \u00e9conomique chinois, la passivit\u00e9 n\u2019est plus une option : il faut, selon lui,\u00a0<strong>r\u00e9agir, r\u00e9sister et reconstruire<\/strong>.<\/p>\n<p>Si les propos de Steve Bannon visent d\u2019abord les \u00c9tats-Unis,\u00a0<strong>l\u2019Europe est en premi\u00e8re ligne<\/strong>\u00a0de ce processus de d\u00e9sindustrialisation massive et de d\u00e9pendance croissante vis-\u00e0-vis de la Chine. L\u2019Allemagne voit son mod\u00e8le exportateur vaciller. La France ferme ses derni\u00e8res usines pharmaceutiques ou textiles. Et partout, les zones rurales et p\u00e9riurbaines deviennent les grands oubli\u00e9s d\u2019une modernit\u00e9 hors-sol.<\/p>\n<p>L\u2019entretien de Steve Bannon r\u00e9sonne donc comme un\u00a0<strong>avertissement salutaire<\/strong>\u00a0:\u00a0<strong>sans souverainet\u00e9 industrielle, il n\u2019y a ni ind\u00e9pendance strat\u00e9gique, ni d\u00e9mocratie r\u00e9elle<\/strong>. \u00c0 l\u2019heure o\u00f9 certains continuent de d\u00e9fendre les dogmes du libre-\u00e9change sans entraves, d\u2019autres, comme Bannon, rappellent qu\u2019aucune nation ne survit longtemps sans ma\u00eetrise de ses cha\u00eenes de production.<\/p>\n<\/p>\n<p>\u00a0<\/p>\n<p>Cr\u00e9dit photo : DR<br \/>[cc] Breizh-info.com, 2025, d\u00e9p\u00eaches libres de copie et diffusion sous r\u00e9serve de mention de la source d\u2019origine<\/p>\n","protected":false},"excerpt":{"rendered":"Quand les usines s\u2019\u00e9teignent, c\u2019est l\u2019Occident qui vacille. Steve Bannon sonne l\u2019alarme dans un entretien percutant sur la&hellip;\n","protected":false},"author":2,"featured_media":113369,"comment_status":"","ping_status":"","sticky":false,"template":"","format":"standard","meta":{"footnotes":""},"categories":[1589],"tags":[11,309,73,1866,693,12,23309,1864,1865,1863,308],"class_list":{"0":"post-113368","1":"post","2":"type-post","3":"status-publish","4":"format-standard","5":"has-post-thumbnail","7":"category-etats-unis","8":"tag-actualites","9":"tag-chine","10":"tag-etats-unis","11":"tag-etats-unis-damerique","12":"tag-industrie","13":"tag-news","14":"tag-steve-bannon","15":"tag-united-states","16":"tag-united-states-of-america","17":"tag-us","18":"tag-usa"},"share_on_mastodon":{"url":"https:\/\/pubeurope.com\/@fr\/114538111525313633","error":""},"_links":{"self":[{"href":"https:\/\/www.europesays.com\/fr\/wp-json\/wp\/v2\/posts\/113368","targetHints":{"allow":["GET"]}}],"collection":[{"href":"https:\/\/www.europesays.com\/fr\/wp-json\/wp\/v2\/posts"}],"about":[{"href":"https:\/\/www.europesays.com\/fr\/wp-json\/wp\/v2\/types\/post"}],"author":[{"embeddable":true,"href":"https:\/\/www.europesays.com\/fr\/wp-json\/wp\/v2\/users\/2"}],"replies":[{"embeddable":true,"href":"https:\/\/www.europesays.com\/fr\/wp-json\/wp\/v2\/comments?post=113368"}],"version-history":[{"count":0,"href":"https:\/\/www.europesays.com\/fr\/wp-json\/wp\/v2\/posts\/113368\/revisions"}],"wp:featuredmedia":[{"embeddable":true,"href":"https:\/\/www.europesays.com\/fr\/wp-json\/wp\/v2\/media\/113369"}],"wp:attachment":[{"href":"https:\/\/www.europesays.com\/fr\/wp-json\/wp\/v2\/media?parent=113368"}],"wp:term":[{"taxonomy":"category","embeddable":true,"href":"https:\/\/www.europesays.com\/fr\/wp-json\/wp\/v2\/categories?post=113368"},{"taxonomy":"post_tag","embeddable":true,"href":"https:\/\/www.europesays.com\/fr\/wp-json\/wp\/v2\/tags?post=113368"}],"curies":[{"name":"wp","href":"https:\/\/api.w.org\/{rel}","templated":true}]}}