{"id":113379,"date":"2025-05-20T03:52:08","date_gmt":"2025-05-20T03:52:08","guid":{"rendered":"https:\/\/www.europesays.com\/fr\/113379\/"},"modified":"2025-05-20T03:52:08","modified_gmt":"2025-05-20T03:52:08","slug":"le-dollar-reflue-mine-par-la-perte-du-triple-a-de-la-dette-des-etats-unis","status":"publish","type":"post","link":"https:\/\/www.europesays.com\/fr\/113379\/","title":{"rendered":"Le dollar reflue, min\u00e9 par la perte du triple A de la dette des \u00c9tats-Unis"},"content":{"rendered":"<p class=\"fig-paragraph\">Le dollar perd du terrain lundi, plomb\u00e9 par l&rsquo;abaissement de la note de la dette am\u00e9ricaine par l&rsquo;agence\u00a0<a href=\"http:\/\/www.lefigaro.fr\/flash-eco\/l-agence-moody-s-degrade-la-note-souveraine-du-senegal-20250224\" target=\"_blank\" data-fig-type=\"NewsFlash\" rel=\"noopener\" data-gtm-custom-categorie=\"navigation\" data-gtm-custom-action=\"crossclick\" data-gtm-custom-label=\"Contextuel\" data-gtm-event=\"customEventSPE\" data-fig-domain=\"LEFIGARO\">Moody&rsquo;s<\/a>, et sur fond d&rsquo;incertitudes quant \u00e0 la politique budg\u00e9taire am\u00e9ricaine. Vers 19h heure fran\u00e7aise, le billet vert recule de 0,65% par rapport \u00e0 la monnaie unique europ\u00e9enne, \u00e0 1,1236 dollar pour un euro. Plus t\u00f4t dans la s\u00e9ance, le dollar a l\u00e2ch\u00e9 plus de 1% contre l&rsquo;euro. Il baisse \u00e9galement de 0,53% par rapport \u00e0 la livre, \u00e0 1,3354 dollar.<\/p>\n<p class=\"fig-paragraph\">Les acteurs du march\u00e9 des changes sont \u00abconcentr\u00e9s\u00bb sur la perte du dernier triple A de la dette souveraine des \u00c9tats-Unis, explique aupr\u00e8s de l&rsquo;AFP Brad Bechtel, de Jefferies. Pour la toute premi\u00e8re fois, l&rsquo;agence de notation Moody&rsquo;s a retir\u00e9 vendredi \u00e0 la dette am\u00e9ricaine sa note maximale de AAA et l&rsquo;a r\u00e9trograd\u00e9e \u00e0 AA1, s&rsquo;inqui\u00e9tant du gonflement de la dette am\u00e9ricaine. La note a \u00e9t\u00e9 assortie d&rsquo;une perspective stable.<\/p>\n<p>\u00abPas une tr\u00e8s grande surprise\u00bb<\/p>\n<p class=\"fig-paragraph\">Les agences Standard and Poor&rsquo;s Global Ratings et Fitch avaient d\u00e9j\u00e0 priv\u00e9 les \u00c9tats-Unis de leur note maximale, respectivement en 2011 et en 2023. Aussi, selon Brad Bechtel, la r\u00e9trogradation de Moody&rsquo;s \u00abn&rsquo;est pas une tr\u00e8s grande surprise\u00bb, d&rsquo;o\u00f9 cette relativement \u00abfaible pression \u00e0 la vente.\u00bb Mais le buck &#8211; autre surnom de la monnaie am\u00e9ricaine &#8211; reste sujet \u00e0 \u00abde nombreuses turbulences\u00bb, dont les \u00abdroits de douane\u00bb et \u00abla proposition de loi budg\u00e9taire\u00bb examin\u00e9e au Congr\u00e8s am\u00e9ricain, explique le sp\u00e9cialiste.<\/p>\n<p class=\"fig-paragraph\">Du c\u00f4t\u00e9 des surtaxes douani\u00e8res, \u00abl&rsquo;objectif principal de l&rsquo;administration am\u00e9ricaine est d&rsquo;essayer de corriger d&rsquo;importants d\u00e9s\u00e9quilibres commerciaux avec nos partenaires\u00bb, souligne Brad Bechtel, ce qui pourrait \u00absoulager la pression\u00bb sur le dollar. C\u00f4t\u00e9 budg\u00e9taire, le m\u00e9gaprojet de Donald Trump doit notamment concr\u00e9tiser la prolongation des cr\u00e9dits d&rsquo;imp\u00f4t accord\u00e9s durant son premier mandat avant leur expiration.<\/p>\n<p class=\"fig-paragraph\">Selon une commission ind\u00e9pendante du Congr\u00e8s, une telle extension accompagn\u00e9e d&rsquo;autres mesures fiscales entra\u00eenerait une hausse de plus de 4.800 milliards de dollars du d\u00e9ficit de l&rsquo;\u00c9tat f\u00e9d\u00e9ral au cours de la prochaine d\u00e9cennie. L&rsquo;or, valeur refuge par excellence, reprenait de la vitesse apr\u00e8s avoir perdu du terrain ces derniers jours. Vers 17H00, le m\u00e9tal jaune prenait 0,87%, \u00e0 3.231,67 dollars l&rsquo;once (31,1 g).<\/p>\n","protected":false},"excerpt":{"rendered":"Le dollar perd du terrain lundi, plomb\u00e9 par l&rsquo;abaissement de la note de la dette am\u00e9ricaine par l&rsquo;agence\u00a0Moody&rsquo;s,&hellip;\n","protected":false},"author":2,"featured_media":113380,"comment_status":"","ping_status":"","sticky":false,"template":"","format":"standard","meta":{"footnotes":""},"categories":[2],"tags":[1111,47,11,1117,1109,1112,636,7511,341,257,632,1108,107,1106,1107,1119,1011,27,1116,1110,1114,500,12,1113,1118,25,137,401,1115],"class_list":{"0":"post-113379","1":"post","2":"type-post","3":"status-publish","4":"format-standard","5":"has-post-thumbnail","7":"category-actualites","8":"tag-actu","9":"tag-actualite","10":"tag-actualites","11":"tag-assurance","12":"tag-breves","13":"tag-depeches","14":"tag-devises","15":"tag-dollar","16":"tag-emploi","17":"tag-entreprise","18":"tag-fcp","19":"tag-fil","20":"tag-fil-info","21":"tag-flash","22":"tag-flash-actu","23":"tag-formation","24":"tag-fr","25":"tag-france","26":"tag-immobilier","27":"tag-informations","28":"tag-infos","29":"tag-medias","30":"tag-news","31":"tag-nouvelles","32":"tag-placement","33":"tag-republique-francaise","34":"tag-retraite","35":"tag-sicav","36":"tag-taux"},"share_on_mastodon":{"url":"https:\/\/pubeurope.com\/@fr\/114538135093092747","error":""},"_links":{"self":[{"href":"https:\/\/www.europesays.com\/fr\/wp-json\/wp\/v2\/posts\/113379","targetHints":{"allow":["GET"]}}],"collection":[{"href":"https:\/\/www.europesays.com\/fr\/wp-json\/wp\/v2\/posts"}],"about":[{"href":"https:\/\/www.europesays.com\/fr\/wp-json\/wp\/v2\/types\/post"}],"author":[{"embeddable":true,"href":"https:\/\/www.europesays.com\/fr\/wp-json\/wp\/v2\/users\/2"}],"replies":[{"embeddable":true,"href":"https:\/\/www.europesays.com\/fr\/wp-json\/wp\/v2\/comments?post=113379"}],"version-history":[{"count":0,"href":"https:\/\/www.europesays.com\/fr\/wp-json\/wp\/v2\/posts\/113379\/revisions"}],"wp:featuredmedia":[{"embeddable":true,"href":"https:\/\/www.europesays.com\/fr\/wp-json\/wp\/v2\/media\/113380"}],"wp:attachment":[{"href":"https:\/\/www.europesays.com\/fr\/wp-json\/wp\/v2\/media?parent=113379"}],"wp:term":[{"taxonomy":"category","embeddable":true,"href":"https:\/\/www.europesays.com\/fr\/wp-json\/wp\/v2\/categories?post=113379"},{"taxonomy":"post_tag","embeddable":true,"href":"https:\/\/www.europesays.com\/fr\/wp-json\/wp\/v2\/tags?post=113379"}],"curies":[{"name":"wp","href":"https:\/\/api.w.org\/{rel}","templated":true}]}}