{"id":11338,"date":"2025-04-08T23:18:10","date_gmt":"2025-04-08T23:18:10","guid":{"rendered":"https:\/\/www.europesays.com\/fr\/11338\/"},"modified":"2025-04-08T23:18:10","modified_gmt":"2025-04-08T23:18:10","slug":"insolite-la-petite-boulette-du-racing-92-apres-sa-victoire-en-challenge-cup-face-a-perpignan","status":"publish","type":"post","link":"https:\/\/www.europesays.com\/fr\/11338\/","title":{"rendered":"Insolite. La petite boulette du Racing 92 apr\u00e8s sa victoire en Challenge Cup face \u00e0 Perpignan"},"content":{"rendered":"<p>            Par<br \/>\n        <strong><br \/>\n            <a href=\"https:\/\/actu.fr\/auteur\/nicolas-dendri-actu-fr\" title=\"Consulter tous les articles de Nicolas Dendri\" target=\"_blank\" rel=\"noopener\">Nicolas Dendri<\/a><br \/>\n        <\/strong><\/p>\n<p>        Publi\u00e9 le<\/p>\n<p>            7 avr. 2025 \u00e0 16h51        <\/p>\n<p><strong>Trois victoires<\/strong> en trois matchs pour le <strong>Racing 92<\/strong> ! Il fallait remonter au mois de mars 2024 pour retrouver une telle s\u00e9rie pour Ga\u00ebl Fickou et ses co\u00e9quipiers.<\/p>\n<p class=\" wall-content\">Ce succ\u00e8s <strong>18-24<\/strong> \u00e0 <strong>Perpignan<\/strong> sur la pelouse d\u2019Aim\u00e9-Giral permet aux Racingmen de se qualifier pour les quarts de finale de <a href=\"https:\/\/actu.fr\/rugby\/coupe-deurope\" target=\"_blank\" rel=\"noopener\">Challenge Cup<\/a>.\u00a0 Si les hommes de Patrice Colazo l\u2019ont bien emport\u00e9, le <strong>community manager<\/strong> des Ciel et Blanc a publi\u00e9 <strong>une d\u00e9faite<\/strong> pour les siens.\u00a0<\/p>\n<p>La boulette du community manager du Racing 92<\/p>\n<p class=\" wall-content\">Quelques minutes apr\u00e8s la fin de la rencontre et la victoire des Franciliens face aux Catalans sur le score de <strong>24 \u00e0 18<\/strong>, une publication surprenante est apparue sur le compte X du Racing 92. Tout va bien dans le texte : \u00ab\u00a0Victoire ! Victoire des Ciel &amp; Blanc qui n\u2019ont rien l\u00e2ch\u00e9 pendant 80 minutes !\u00a0\u00bb<\/p>\n<p class=\" wall-content\">En revanche, l\u2019illustration est assez probl\u00e9matique. Et nous n\u2019\u00e9tions pas le 1er avril ! Effectivement pour illustrer le succ\u00e8s des Racingmen, une image annonce la fin du match et une <strong>victoire 32-12 pour l\u2019Usap<\/strong>.\u00a0 Cette photographie est rest\u00e9e de longues minutes avant d\u2019\u00eatre supprim\u00e9e. Elle a \u00e9t\u00e9 vue au moins par plus de 700 personnes et aim\u00e9e \u00e0 22 reprises.\u00a0<\/p>\n<p>      <img   decoding=\"async\" loading=\"lazy\" src=\"https:\/\/www.europesays.com\/fr\/wp-content\/uploads\/2025\/04\/copie-de-sans-titre-1200-x-800-px-76-960x640.jpg\" alt=\"La publication sur le compte X du Racing 92 qui annonce un succ\u00e8s de l'Usap alors que la victoire revient aux Ciel et Blanc \" width=\"960\" height=\"640\"\/><br \/>\n    La publication sur le compte X du Racing 92 qui annonce un succ\u00e8s de l\u2019Usap alors que la victoire revient aux Ciel et Blanc. (\u00a9Capture X @Racing92)Vid\u00e9os : en ce moment sur ActuConnacht \u2013 Racing 92 en quart de finale<\/p>\n<p class=\" wall-content\">Le Racing 92 l\u2019a donc bien emport\u00e9 face \u00e0 Perpignan. Le club de Jacky Lorenzetti se d\u00e9placera en Irlande sur la pelouse du <strong>Connacht<\/strong> pour un quart de finale de Challenge. Une rencontre \u00e0 suivre le samedi 12 avril \u00e0 partir de 21h.\u00a0<\/p>\n<p class=\" wall-content\">Suivez toute l\u2019actualit\u00e9 de vos villes et m\u00e9dias favoris en vous inscrivant \u00e0 <a href=\"https:\/\/moncompte.actu.fr\" title=\"D\u00e9couvez Mon Actu\" rel=\"nofollow noopener\" data-trk=\"{&quot;cta&quot;:{&quot;action&quot;:&quot;https:\\\/\\\/moncompte.actu.fr&quot;,&quot;category&quot;:&quot;mon compte&quot;,&quot;from&quot;:&quot;article footer&quot;,&quot;name&quot;:&quot;Mon actu&quot;,&quot;type&quot;:&quot;cta&quot;}}\" target=\"_blank\">Mon Actu<\/a>.<\/p>\n","protected":false},"excerpt":{"rendered":"Par Nicolas Dendri Publi\u00e9 le 7 avr. 2025 \u00e0 16h51 Trois victoires en trois matchs pour le Racing&hellip;\n","protected":false},"author":2,"featured_media":11339,"comment_status":"","ping_status":"","sticky":false,"template":"","format":"standard","meta":{"footnotes":""},"categories":[9],"tags":[4401,1089,1011,27,3788,5421,479,60],"class_list":{"0":"post-11338","1":"post","2":"type-post","3":"status-publish","4":"format-standard","5":"has-post-thumbnail","7":"category-sports","8":"tag-challenge-cup","9":"tag-coupe-deurope","10":"tag-fr","11":"tag-france","12":"tag-pro","13":"tag-racing-92","14":"tag-rugby","15":"tag-sports"},"share_on_mastodon":{"url":"https:\/\/pubeurope.com\/@fr\/114304903007551495","error":""},"_links":{"self":[{"href":"https:\/\/www.europesays.com\/fr\/wp-json\/wp\/v2\/posts\/11338","targetHints":{"allow":["GET"]}}],"collection":[{"href":"https:\/\/www.europesays.com\/fr\/wp-json\/wp\/v2\/posts"}],"about":[{"href":"https:\/\/www.europesays.com\/fr\/wp-json\/wp\/v2\/types\/post"}],"author":[{"embeddable":true,"href":"https:\/\/www.europesays.com\/fr\/wp-json\/wp\/v2\/users\/2"}],"replies":[{"embeddable":true,"href":"https:\/\/www.europesays.com\/fr\/wp-json\/wp\/v2\/comments?post=11338"}],"version-history":[{"count":0,"href":"https:\/\/www.europesays.com\/fr\/wp-json\/wp\/v2\/posts\/11338\/revisions"}],"wp:featuredmedia":[{"embeddable":true,"href":"https:\/\/www.europesays.com\/fr\/wp-json\/wp\/v2\/media\/11339"}],"wp:attachment":[{"href":"https:\/\/www.europesays.com\/fr\/wp-json\/wp\/v2\/media?parent=11338"}],"wp:term":[{"taxonomy":"category","embeddable":true,"href":"https:\/\/www.europesays.com\/fr\/wp-json\/wp\/v2\/categories?post=11338"},{"taxonomy":"post_tag","embeddable":true,"href":"https:\/\/www.europesays.com\/fr\/wp-json\/wp\/v2\/tags?post=11338"}],"curies":[{"name":"wp","href":"https:\/\/api.w.org\/{rel}","templated":true}]}}