{"id":113383,"date":"2025-05-20T03:56:18","date_gmt":"2025-05-20T03:56:18","guid":{"rendered":"https:\/\/www.europesays.com\/fr\/113383\/"},"modified":"2025-05-20T03:56:18","modified_gmt":"2025-05-20T03:56:18","slug":"les-resultats-de-la-18e-journee-le-classement-final-et-les-affiches-des-demi-finales","status":"publish","type":"post","link":"https:\/\/www.europesays.com\/fr\/113383\/","title":{"rendered":"les r\u00e9sultats de la 18e journ\u00e9e, le classement final et les affiches des demi-finales"},"content":{"rendered":"<p>            Par<br \/>\n        <strong><br \/>\n            <a href=\"https:\/\/actu.fr\/auteur\/lucas-bertolotto\" title=\"Consulter tous les articles de Lucas Bertolotto\" rel=\"nofollow noopener\" target=\"_blank\">Lucas Bertolotto<\/a><br \/>\n        <\/strong><\/p>\n<p>        Publi\u00e9 le<\/p>\n<p>            18 mai 2025 \u00e0 17h06        <\/p>\n<p>La saison 2024-2025 du championnat <strong>\u00c9lite 1<\/strong> va entrer dans sa phase finale d\u00e8s le week-end prochain. Et justement la 18e journ\u00e9e de la premi\u00e8re division du rugby f\u00e9minin, qui se jouait ce dimanche 18 mai, a permis de d\u00e9terminer les clubs qualifi\u00e9s en demi-finale et celui qui \u00e9voluera en \u00c9lite 2 la saison prochaine. <a href=\"https:\/\/actu.fr\/rugby\/\" rel=\"nofollow noopener\" target=\"_blank\">Actu Rugby<\/a> vous fait d\u00e9couvrir <strong>les r\u00e9sultats de cette derni\u00e8re journ\u00e9e<\/strong> et le <strong>programme de la phase finale<\/strong>.\u00a0<\/p>\n<p>Rugby f\u00e9minin : les r\u00e9sultats en \u00c9lite 1<\/p>\n<ul class=\" wall-content\">\n<li>Rennes \u2013 Stade Villeneuvois\/Lille : 22-15<\/li>\n<li>ASM Romagnat \u2013 Bobigny : 57-7<\/li>\n<li>Stade Bordelais \u2013 Blagnac : 19-37<\/li>\n<li>Grenoble \u2013 Montpellier : 38-17<\/li>\n<li>Toulouse \u2013 Lyon : 71-17<\/li>\n<\/ul>\n<p class=\" wall-content\">Malgr\u00e9 sa d\u00e9faite lors de cette 18e et derni\u00e8re journ\u00e9e, le Stade Villeneuvois se <strong>maintient en \u00c9lite 1<\/strong> contrairement \u00e0 Rennes qui se voit rel\u00e9guer en deuxi\u00e8me division du rugby f\u00e9minin. Le <a href=\"https:\/\/competitions.ffr.fr\/competitions\/elite-1-feminine\/classements.html\" rel=\"nofollow noopener\" target=\"_blank\">classement final du championnat<\/a> permet de d\u00e9terminer aussi les affiches des demi-finales. \u00a0<\/p>\n<p>Rugby f\u00e9minin : les demi-finales en \u00c9lite 1<\/p>\n<p class=\" wall-content\">En terminant leader et deuxi\u00e8me d\u2019\u00c9lite 1, le Stade Bordelais et Blagnac auront le privil\u00e8ge de recevoir leur demi-finale pr\u00e9vue le week-end prochain.\u00a0<\/p>\n<ul class=\" wall-content\">\n<li>Stade Bordelais \u2013 ASM Romagnat<\/li>\n<li>Blagnac \u2013 Toulouse<\/li>\n<\/ul>\n<p class=\" wall-content\">Les deux clubs qui se hisseront en <strong>finale<\/strong> se retrouveront le samedi 31 mai \u00e0 16h45 au stade Marcel-Michelin de Clermont-Ferrand, juste apr\u00e8s le match de Top 14 Clermont-Stade Fran\u00e7ais. Une rencontre qui sera co-diffus\u00e9e sur <strong>Canal + Sport 360<\/strong> et <strong>France 4<\/strong> et qui d\u00e9terminera l\u2019\u00e9quipe championne de France d\u2019\u00c9lite 1.\u00a0<\/p>\n<p>Vid\u00e9os : en ce moment sur Actu<\/p>\n<p class=\" wall-content\">Suivez toute l\u2019actualit\u00e9 de vos villes et m\u00e9dias favoris en vous inscrivant \u00e0 <a href=\"https:\/\/moncompte.actu.fr\" title=\"D\u00e9couvez Mon Actu\" rel=\"nofollow noopener\" data-trk=\"{&quot;cta&quot;:{&quot;action&quot;:&quot;https:\\\/\\\/moncompte.actu.fr&quot;,&quot;category&quot;:&quot;mon compte&quot;,&quot;from&quot;:&quot;article footer&quot;,&quot;name&quot;:&quot;Mon actu&quot;,&quot;type&quot;:&quot;cta&quot;}}\" target=\"_blank\">Mon Actu<\/a>.<\/p>\n<ul class=\"ac-article-tag wall-content\">\n<li><a href=\"https:\/\/actu.fr\/tag\/rugby-feminin\" data-trk=\"{&quot;cta&quot;:{&quot;action&quot;:&quot;Rugby F\\u00e9minin&quot;,&quot;category&quot;:&quot;tag&quot;,&quot;from&quot;:&quot;article footer&quot;,&quot;name&quot;:&quot;Rugby F\\u00e9minin&quot;,&quot;type&quot;:&quot;cta&quot;}}\" rel=\"nofollow noopener\" target=\"_blank\">#Rugby F\u00e9minin<\/a><\/li>\n<li><a href=\"https:\/\/actu.fr\/tag\/stade-toulousain\" data-trk=\"{&quot;cta&quot;:{&quot;action&quot;:&quot;Stade toulousain&quot;,&quot;category&quot;:&quot;tag&quot;,&quot;from&quot;:&quot;article footer&quot;,&quot;name&quot;:&quot;Stade toulousain&quot;,&quot;type&quot;:&quot;cta&quot;}}\" rel=\"nofollow noopener\" target=\"_blank\">#Stade toulousain<\/a><\/li>\n<\/ul>\n","protected":false},"excerpt":{"rendered":"Par Lucas Bertolotto Publi\u00e9 le 18 mai 2025 \u00e0 17h06 La saison 2024-2025 du championnat \u00c9lite 1 va&hellip;\n","protected":false},"author":2,"featured_media":113384,"comment_status":"","ping_status":"","sticky":false,"template":"","format":"standard","meta":{"footnotes":""},"categories":[1416],"tags":[12300,1011,27,479,12042,1468,60,476],"class_list":{"0":"post-113383","1":"post","2":"type-post","3":"status-publish","4":"format-standard","5":"has-post-thumbnail","7":"category-rugby","8":"tag-feminines","9":"tag-fr","10":"tag-france","11":"tag-rugby","12":"tag-rugby-feminin","13":"tag-rugby-football","14":"tag-sports","15":"tag-stade-toulousain"},"share_on_mastodon":{"url":"https:\/\/pubeurope.com\/@fr\/114538150965288341","error":""},"_links":{"self":[{"href":"https:\/\/www.europesays.com\/fr\/wp-json\/wp\/v2\/posts\/113383","targetHints":{"allow":["GET"]}}],"collection":[{"href":"https:\/\/www.europesays.com\/fr\/wp-json\/wp\/v2\/posts"}],"about":[{"href":"https:\/\/www.europesays.com\/fr\/wp-json\/wp\/v2\/types\/post"}],"author":[{"embeddable":true,"href":"https:\/\/www.europesays.com\/fr\/wp-json\/wp\/v2\/users\/2"}],"replies":[{"embeddable":true,"href":"https:\/\/www.europesays.com\/fr\/wp-json\/wp\/v2\/comments?post=113383"}],"version-history":[{"count":0,"href":"https:\/\/www.europesays.com\/fr\/wp-json\/wp\/v2\/posts\/113383\/revisions"}],"wp:featuredmedia":[{"embeddable":true,"href":"https:\/\/www.europesays.com\/fr\/wp-json\/wp\/v2\/media\/113384"}],"wp:attachment":[{"href":"https:\/\/www.europesays.com\/fr\/wp-json\/wp\/v2\/media?parent=113383"}],"wp:term":[{"taxonomy":"category","embeddable":true,"href":"https:\/\/www.europesays.com\/fr\/wp-json\/wp\/v2\/categories?post=113383"},{"taxonomy":"post_tag","embeddable":true,"href":"https:\/\/www.europesays.com\/fr\/wp-json\/wp\/v2\/tags?post=113383"}],"curies":[{"name":"wp","href":"https:\/\/api.w.org\/{rel}","templated":true}]}}