{"id":113387,"date":"2025-05-20T03:59:11","date_gmt":"2025-05-20T03:59:11","guid":{"rendered":"https:\/\/www.europesays.com\/fr\/113387\/"},"modified":"2025-05-20T03:59:11","modified_gmt":"2025-05-20T03:59:11","slug":"motogp-une-video-amateur-revele-la-violente-colere-de-quartararo-face-aux-commissaires","status":"publish","type":"post","link":"https:\/\/www.europesays.com\/fr\/113387\/","title":{"rendered":"MotoGP Une vid\u00e9o amateur r\u00e9v\u00e8le la violente col\u00e8re de Quartararo, face aux commissaires"},"content":{"rendered":"<p>Apr\u00e8s l\u2019arriv\u00e9e du Grand-Prix de France de MotoGP, bien apr\u00e8s la chute de FB20, survenue en d\u00e9but de course, la sanction tombait. Le pilote Yamaha \u00e9tait en effet sanctionn\u00e9, notamment d\u2019une suspension de dix minutes, en essais libres 1, au Grand-Prix de Grande Bretagne, prochaine manche de la saison 2025.<\/p>\n<p>MotoGP : frustr\u00e9, Fabio a r\u00e9agi\u2026comme un passionn\u00e9 !<\/p>\n<p>Sur le moment, personne n\u2019a r\u00e9ellement compris pour quelle raison le Fran\u00e7ais avait \u00e9t\u00e9 puni. Mais en r\u00e9alit\u00e9, c\u2019est juste apr\u00e8s sa chute, alors que les commissaires lui demandaient de quitter la zone et de laisser sa moto, que le tricolore a d\u00e9sob\u00e9i. Car Fabio Quartararo, lui, souhaitait remonter sur sa machine, pour poursuivre la course. C\u2019est alors que l\u2019int\u00e9ress\u00e9, extr\u00eamement d\u00e9\u00e7u de voir filer le podium, apr\u00e8s \u00eatre parti depuis la pole position, s\u2019est mis en col\u00e8re.<\/p>\n<p>Une sc\u00e8ne film\u00e9e par de nombreux spectateurs, depuis les tribunes et diffus\u00e9e sur les r\u00e9seaux sociaux. Voici l\u2019une de ces vid\u00e9os, captur\u00e9e via un Smartphone.<\/p>\n<blockquote class=\"twitter-tweet\">\n<p dir=\"ltr\" lang=\"es\">Por este berrinche hac\u00eda los oficiales de pista tras caer cuando iba 2o, Fabio Quartararo ha sido multado con \u20ac2.000 y penalizado con 10 minutos de suspensi\u00f3n en la primera pr\u00e1ctica de la siguiente fecha que ser\u00e1 en Silverstone.<a href=\"https:\/\/t.co\/M3u31FEzrG\" target=\"_blank\">pic.twitter.com\/M3u31FEzrG<\/a><\/p>\n<p>\u2014 \ud83c\udfc1\u300c Alerta Racing \u300d\ud83c\udfc1 (@AlertaRacing) <a href=\"https:\/\/twitter.com\/AlertaRacing\/status\/1921624009474474112?ref_src=twsrc%5Etfw\" target=\"_blank\" rel=\"noopener\">May 11, 2025<\/a><\/p>\n<\/blockquote>\n<p>Article publi\u00e9 le 13\/05\/2025 \u00e0 5h30<\/p>\n<p>                                                            <script async src=\"https:\/\/platform.twitter.com\/widgets.js\" charset=\"utf-8\"><\/script><\/p>\n","protected":false},"excerpt":{"rendered":"Apr\u00e8s l\u2019arriv\u00e9e du Grand-Prix de France de MotoGP, bien apr\u00e8s la chute de FB20, survenue en d\u00e9but de&hellip;\n","protected":false},"author":2,"featured_media":113388,"comment_status":"","ping_status":"","sticky":false,"template":"","format":"standard","meta":{"footnotes":""},"categories":[1413],"tags":[1680,1011,27,1457,1456,1458,60],"class_list":{"0":"post-113387","1":"post","2":"type-post","3":"status-publish","4":"format-standard","5":"has-post-thumbnail","7":"category-moto","8":"tag-fabio-quartararo","9":"tag-fr","10":"tag-france","11":"tag-moto","12":"tag-motocycle","13":"tag-motogp","14":"tag-sports"},"share_on_mastodon":{"url":"https:\/\/pubeurope.com\/@fr\/114538162656582321","error":""},"_links":{"self":[{"href":"https:\/\/www.europesays.com\/fr\/wp-json\/wp\/v2\/posts\/113387","targetHints":{"allow":["GET"]}}],"collection":[{"href":"https:\/\/www.europesays.com\/fr\/wp-json\/wp\/v2\/posts"}],"about":[{"href":"https:\/\/www.europesays.com\/fr\/wp-json\/wp\/v2\/types\/post"}],"author":[{"embeddable":true,"href":"https:\/\/www.europesays.com\/fr\/wp-json\/wp\/v2\/users\/2"}],"replies":[{"embeddable":true,"href":"https:\/\/www.europesays.com\/fr\/wp-json\/wp\/v2\/comments?post=113387"}],"version-history":[{"count":0,"href":"https:\/\/www.europesays.com\/fr\/wp-json\/wp\/v2\/posts\/113387\/revisions"}],"wp:featuredmedia":[{"embeddable":true,"href":"https:\/\/www.europesays.com\/fr\/wp-json\/wp\/v2\/media\/113388"}],"wp:attachment":[{"href":"https:\/\/www.europesays.com\/fr\/wp-json\/wp\/v2\/media?parent=113387"}],"wp:term":[{"taxonomy":"category","embeddable":true,"href":"https:\/\/www.europesays.com\/fr\/wp-json\/wp\/v2\/categories?post=113387"},{"taxonomy":"post_tag","embeddable":true,"href":"https:\/\/www.europesays.com\/fr\/wp-json\/wp\/v2\/tags?post=113387"}],"curies":[{"name":"wp","href":"https:\/\/api.w.org\/{rel}","templated":true}]}}