{"id":1133881,"date":"2026-08-18T06:26:18","date_gmt":"2026-08-18T06:26:18","guid":{"rendered":"https:\/\/www.europesays.com\/fr\/1133881\/"},"modified":"2026-08-18T06:26:18","modified_gmt":"2026-08-18T06:26:18","slug":"grenoble-camions-frigos-paniers-a-confiture-et-dons-a-des-associations-comment-le-marche-de-lestacade-sadapte-a-la-canicule","status":"publish","type":"post","link":"https:\/\/www.europesays.com\/fr\/1133881\/","title":{"rendered":"Grenoble. Camions frigos,\u00a0paniers \u00e0 confiture et dons\u00a0\u00e0 des associations : comment le march\u00e9 de l&rsquo;Estacade s&rsquo;adapte \u00e0 la canicule"},"content":{"rendered":"<p>Il est 11 heures ce dimanche sur le march\u00e9 de l\u2019Estacade et le thermom\u00e8tre affiche d\u00e9j\u00e0 32\u00a0\u00b0C \u00e0 l\u2019ombre. Les clients cherchent les zones ombrag\u00e9es pour patienter dans les longues files d\u2019attente tandis qu\u2019un sujet revient dans les conversations\u00a0: la chaleur. Sur les \u00e9tals, elle se mesure aussi, les fruits et l\u00e9gumes sont dispos\u00e9s pour rester un maximum \u00e0 l\u2019ombre. Plus que jamais, les primeurs sont tr\u00e8s attentifs \u00e0 leurs marchandises.<\/p>\n<p>\u00ab\u00a0On sort le moins de produits possibles\u00a0\u00bb, explique le primeur Nicolas Noca. Pour \u00e9viter de voir ses marchandises se d\u00e9grader, le primeur les laisse autant que possible dans les camions frigorifiques et les sort \u00ab\u00a0au compte-goutte\u00a0\u00bb. Il ach\u00e8te aussi en plus petites quantit\u00e9s, quitte \u00e0 manquer de certains produits. \u00ab\u00a0Au moins, on ne jette pas\u00a0\u00bb, r\u00e9sume-t-il. \u00ab\u00a0La chaleur acc\u00e9l\u00e8re la&#8230;<\/p>\n","protected":false},"excerpt":{"rendered":"Il est 11 heures ce dimanche sur le march\u00e9 de l\u2019Estacade et le thermom\u00e8tre affiche d\u00e9j\u00e0 32\u00a0\u00b0C \u00e0&hellip;\n","protected":false},"author":2,"featured_media":1133882,"comment_status":"","ping_status":"","sticky":false,"template":"","format":"standard","meta":{"footnotes":"","_share_on_mastodon":"0"},"categories":[9566],"tags":[1111,11,327,2430,6698,4406,33,112,436,1777,674,107,1011,27,2731,2732,108,6225,2089,12,25],"class_list":["post-1133881","post","type-post","status-publish","format-standard","has-post-thumbnail","category-grenoble","tag-actu","tag-actualites","tag-agriculture","tag-auvergne-rhone-alpes","tag-canicule","tag-commerce-et-services","tag-economie","tag-edition-grenoble-agglomeration","tag-environnement","tag-eu","tag-europe","tag-fil-info","tag-fr","tag-france","tag-grenoble","tag-grenoble-bassin","tag-isere","tag-la-matinale","tag-marche","tag-news","tag-republique-francaise"],"share_on_mastodon":{"url":"https:\/\/pubeurope.com\/@fr\/117115092303676585","error":""},"_links":{"self":[{"href":"https:\/\/www.europesays.com\/fr\/wp-json\/wp\/v2\/posts\/1133881","targetHints":{"allow":["GET"]}}],"collection":[{"href":"https:\/\/www.europesays.com\/fr\/wp-json\/wp\/v2\/posts"}],"about":[{"href":"https:\/\/www.europesays.com\/fr\/wp-json\/wp\/v2\/types\/post"}],"author":[{"embeddable":true,"href":"https:\/\/www.europesays.com\/fr\/wp-json\/wp\/v2\/users\/2"}],"replies":[{"embeddable":true,"href":"https:\/\/www.europesays.com\/fr\/wp-json\/wp\/v2\/comments?post=1133881"}],"version-history":[{"count":0,"href":"https:\/\/www.europesays.com\/fr\/wp-json\/wp\/v2\/posts\/1133881\/revisions"}],"wp:featuredmedia":[{"embeddable":true,"href":"https:\/\/www.europesays.com\/fr\/wp-json\/wp\/v2\/media\/1133882"}],"wp:attachment":[{"href":"https:\/\/www.europesays.com\/fr\/wp-json\/wp\/v2\/media?parent=1133881"}],"wp:term":[{"taxonomy":"category","embeddable":true,"href":"https:\/\/www.europesays.com\/fr\/wp-json\/wp\/v2\/categories?post=1133881"},{"taxonomy":"post_tag","embeddable":true,"href":"https:\/\/www.europesays.com\/fr\/wp-json\/wp\/v2\/tags?post=1133881"}],"curies":[{"name":"wp","href":"https:\/\/api.w.org\/{rel}","templated":true}]}}