{"id":113389,"date":"2025-05-20T04:00:16","date_gmt":"2025-05-20T04:00:16","guid":{"rendered":"https:\/\/www.europesays.com\/fr\/113389\/"},"modified":"2025-05-20T04:00:16","modified_gmt":"2025-05-20T04:00:16","slug":"le-programme-du-gp-de-monaco-f1-2025-dates-horaires-et-infos","status":"publish","type":"post","link":"https:\/\/www.europesays.com\/fr\/113389\/","title":{"rendered":"Le programme du GP de Monaco F1 2025\u00a0:\u00a0dates, horaires et infos"},"content":{"rendered":"<p>Le Grand Prix de Monaco 2025 est la huiti\u00e8me manche de la saison de Formule 1, ainsi que la seconde \u00e9tape des trois \u00e9preuves cons\u00e9cutives disput\u00e9es pour entamer la saison europ\u00e9enne.<\/p>\n<p>Horaires du Grand Prix de Monaco 2025<\/p>\n<p>Pas de d\u00e9calage horaire avec Monaco, bien \u00e9videmment. Les s\u00e9ances seront donc \u00e0 suivre dans l&rsquo;apr\u00e8s-midi, du vendredi au dimanche.<\/p>\n<tr>\nDate<br \/>\nS\u00e9ance<\/p>\n<p>Horaires (FR)<\/p>\n<\/tr>\n<tr>\n<td style=\"width: 25%;\"><strong>Vendredi 23 mai<\/strong><\/td>\n<td style=\"width: 25%;\">Essais Libres 1<\/td>\n<td style=\"width: 25%;\">13h30 &#8211; 14h30<\/td>\n<\/tr>\n<tr>\n<td style=\"width: 25%;\">\u00a0<\/td>\n<td style=\"width: 25%;\">Essais Libres 2<\/td>\n<td style=\"width: 25%;\">17h00 &#8211; 18h00<\/td>\n<\/tr>\n<tr>\n<td style=\"width: 25%;\">\u00a0<\/td>\n<td style=\"width: 25%;\">\u00a0<\/td>\n<td style=\"width: 25%;\">\u00a0<\/td>\n<\/tr>\n<tr>\n<td style=\"width: 25%;\"><strong>Samedi 24 mai<\/strong><\/td>\n<td style=\"width: 25%;\">Essais Libres 3<\/td>\n<td style=\"width: 25%;\">12h30 &#8211; 13h30<\/td>\n<\/tr>\n<tr>\n<td style=\"width: 25%;\">\u00a0<\/td>\n<td style=\"width: 25%;\">Qualifications<\/td>\n<td style=\"width: 25%;\">16h00 &#8211; 17h00<\/td>\n<\/tr>\n<tr>\n<td style=\"width: 25%;\">\u00a0<\/td>\n<td style=\"width: 25%;\">\u00a0<\/td>\n<td style=\"width: 25%;\">\u00a0<\/td>\n<\/tr>\n<tr>\n<td style=\"width: 25%;\"><strong>Dimanche 25 mai<\/strong><\/td>\n<td style=\"width: 25%;\">Course<\/td>\n<td style=\"width: 25%;\">15h00<\/td>\n<\/tr>\n<p>O\u00f9 regarder le Grand Prix de Monaco ?<\/p>\n<p>Les cha\u00eenes du groupe Canal+ sont le diffuseur officiel de la Formule 1 en France. Comme lors des derni\u00e8res saisons, elles diffuseront l&rsquo;int\u00e9gralit\u00e9 du week-end pour tous les Grands Prix de la saison.<\/p>\n<p>Pour le Grand Prix de Monaco, les essais libres et les qualifications seront diffus\u00e9es sur Canal+ Sport. Il faudra basculer sur Canal+ pour la course.<\/p>\n<p>Le circuit de Monaco<br \/>\n   <img decoding=\"async\" draggable=\"false\" src=\"https:\/\/www.europesays.com\/fr\/wp-content\/uploads\/2025\/05\/olivier-panis-ligier-js43-muge-1.jpg\" alt=\"M\u00eame si cela est de moins en moins vrai, le GP de Monaco offre parfois de vraies surprises, comme en 1996.\" width=\"1200\" height=\"800\" loading=\"lazy\"\/> <\/p>\n<p class=\"title\">M\u00eame si cela est de moins en moins vrai, le GP de Monaco offre parfois de vraies surprises, comme en 1996.<\/p>\n<p class=\"photographer\">Photo de: Motorsport Images<\/p>\n<p>Trac\u00e9 embl\u00e9matique du\u00a0calendrier\u00a0du Championnat du monde de F1, Monaco a accueilli la discipline reine d\u00e8s 1950, avant d&rsquo;y revenir en 1955. La Principaut\u00e9 a ensuite \u00e9t\u00e9 le th\u00e9\u00e2tre du GP de Monaco sans discontinuer jusqu&rsquo;en 2019. En 2020, l&rsquo;\u00e9preuve n&rsquo;a pas lieu, pour la premi\u00e8re fois depuis 1954, en raison de la pand\u00e9mie de COVID-19.<\/p>\n<p>Longue de 3,337\u00a0km et compos\u00e9e de 19 virages, la piste de Monte-Carlo est sans nul doute la plus prestigieuse de la Formule 1. Elle est aussi l&rsquo;une des plus pi\u00e9geuses puisque la course est disput\u00e9e entre les fameux rails qui longent l&rsquo;\u00e9troit trac\u00e9 o\u00f9 s&rsquo;enchainent les virages tous plus c\u00e9l\u00e8bres les uns que les autres. C&rsquo;est \u00e9videmment un circuit qui privil\u00e9gie le tr\u00e8s fort appui et d\u00e9grade peu les pneus ; \u00e0 tel point que cette ann\u00e9e &#8211; et en r\u00e9action au GP de 2024 &#8211; <a href=\"https:\/\/fr.motorsport.com\/f1\/news\/fia-approuve-deux-arrets-obligatoires-monaco\/10698659\/\" target=\"_blank\" rel=\"noopener\">deux arr\u00eats seront obligatoires lors de la course de dimanche<\/a>.<\/p>\n<p>En course, justement, il faut boucler 78 tours, pour une distance totale de 260,286\u00a0km (c&rsquo;est le seul circuit o\u00f9 la distance de 305\u00a0km n&rsquo;est pas atteinte).<\/p>\n<p>Les records F1 du circuit de Monaco<\/p>\n<tr>\n<td style=\"width: 32.6196%;\"><strong>Record de la pole<\/strong><\/td>\n<td style=\"width: 27.204%;\">\n<p><img decoding=\"async\" class=\"ms-flag-img ms-flag-img_s0\" title=\"United Kingdom\" src=\"https:\/\/www.europesays.com\/fr\/wp-content\/uploads\/2025\/05\/gb-3.svg.svg+xml\" alt=\"United Kingdom\" width=\"20\" loading=\"lazy\"\/>\u00a0<a href=\"https:\/\/fr.motorsport.com\/driver\/lewis-hamilton\/76878\/\" target=\"_blank\" rel=\"noopener\">Lewis Hamilton<\/a><\/p>\n<p><a href=\"https:\/\/fr.motorsport.com\/team\/mercedes\/611\/\" target=\"_blank\" rel=\"noopener\">Mercedes<\/a><\/p>\n<\/td>\n<td style=\"width: 29.597%;\">\n<p>1&rsquo;10&Prime;166<\/p>\n<p>(moy. : 171,211 km\/h)<\/p>\n<\/td>\n<td style=\"width: 10.4534%;\">2019<\/td>\n<\/tr>\n<tr>\n<td style=\"width: 32.6196%;\"><strong>Meilleur tour en course<\/strong><\/td>\n<td style=\"width: 27.204%;\">\n<p><img decoding=\"async\" class=\"ms-flag-img ms-flag-img_s0\" title=\"United Kingdom\" src=\"https:\/\/www.europesays.com\/fr\/wp-content\/uploads\/2025\/05\/gb-3.svg.svg+xml\" alt=\"United Kingdom\" width=\"20\" loading=\"lazy\"\/>\u00a0Lewis Hamilton<\/p>\n<p>Mercedes<\/p>\n<\/td>\n<td style=\"width: 29.597%;\">1&rsquo;12&Prime;909<br \/>(moy. : 164,770 km\/h)<\/td>\n<td style=\"width: 10.4534%;\">2021<\/td>\n<\/tr>\n<p>Les polemen et vainqueurs du GP de Monaco F1<br \/>\n   <img decoding=\"async\" draggable=\"false\" src=\"https:\/\/www.europesays.com\/fr\/wp-content\/uploads\/2025\/05\/1020206034-lat-20240526-gp2408.jpg\" alt=\"Charles Leclerc avait enfin triomph\u00e9 \u00e0 domicile lors du GP de Monaco 2024.\" width=\"1200\" height=\"800\" loading=\"lazy\"\/> <\/p>\n<p class=\"title\">Charles Leclerc avait enfin triomph\u00e9 \u00e0 domicile lors du GP de Monaco 2024.<\/p>\n<p class=\"photographer\">Photo de: Glenn Dunbar \/ Motorsport Images<\/p>\n<p>La m\u00e9t\u00e9o attendue \u00e0 Monaco<\/p>\n<p>Selon les pr\u00e9visions actuelles, quelques averses pourraient venir perturber l&rsquo;\u00e9preuve mon\u00e9gasque, en particulier vendredi apr\u00e8s-midi et toute la journ\u00e9e de samedi. La journ\u00e9e de dimanche est pour le moment annonc\u00e9e s\u00e8che.<\/p>\n<p><strong>Course suivante\u00a0:<\/strong>\u00a0Grand Prix d&rsquo;Espagne (30 mai-1er juin)<\/p>\n<p><a href=\"https:\/\/fr.motorsport.com\/f1\/schedule\/2025\/\" target=\"_blank\" rel=\"noopener\">Retrouvez le calendrier F1 2025 complet<\/a><\/p>\n<p>Dans cet article<\/p>\n<p>    Fabien Gaillard\n<\/p>\n<p>    Formule 1\n<\/p>\n<p>Soyez le premier inform\u00e9 et souscrivez aux alertes mails pour recevoir les infos en temps r\u00e9el<\/p>\n<p>    S&rsquo;abonner aux alertes de news<\/p>\n","protected":false},"excerpt":{"rendered":"Le Grand Prix de Monaco 2025 est la huiti\u00e8me manche de la saison de Formule 1, ainsi que&hellip;\n","protected":false},"author":2,"featured_media":113390,"comment_status":"","ping_status":"","sticky":false,"template":"","format":"standard","meta":{"footnotes":""},"categories":[1412],"tags":[1451,1452,1453,1454,1455,1011,27,23310,5386,60],"class_list":{"0":"post-113389","1":"post","2":"type-post","3":"status-publish","4":"format-standard","5":"has-post-thumbnail","7":"category-f1","8":"tag-f1","9":"tag-formula-1","10":"tag-formula1","11":"tag-formule-1","12":"tag-formule1","13":"tag-fr","14":"tag-france","15":"tag-gp-de-monaco","16":"tag-monte-carlo","17":"tag-sports"},"share_on_mastodon":{"url":"https:\/\/pubeurope.com\/@fr\/114538166718036447","error":""},"_links":{"self":[{"href":"https:\/\/www.europesays.com\/fr\/wp-json\/wp\/v2\/posts\/113389","targetHints":{"allow":["GET"]}}],"collection":[{"href":"https:\/\/www.europesays.com\/fr\/wp-json\/wp\/v2\/posts"}],"about":[{"href":"https:\/\/www.europesays.com\/fr\/wp-json\/wp\/v2\/types\/post"}],"author":[{"embeddable":true,"href":"https:\/\/www.europesays.com\/fr\/wp-json\/wp\/v2\/users\/2"}],"replies":[{"embeddable":true,"href":"https:\/\/www.europesays.com\/fr\/wp-json\/wp\/v2\/comments?post=113389"}],"version-history":[{"count":0,"href":"https:\/\/www.europesays.com\/fr\/wp-json\/wp\/v2\/posts\/113389\/revisions"}],"wp:featuredmedia":[{"embeddable":true,"href":"https:\/\/www.europesays.com\/fr\/wp-json\/wp\/v2\/media\/113390"}],"wp:attachment":[{"href":"https:\/\/www.europesays.com\/fr\/wp-json\/wp\/v2\/media?parent=113389"}],"wp:term":[{"taxonomy":"category","embeddable":true,"href":"https:\/\/www.europesays.com\/fr\/wp-json\/wp\/v2\/categories?post=113389"},{"taxonomy":"post_tag","embeddable":true,"href":"https:\/\/www.europesays.com\/fr\/wp-json\/wp\/v2\/tags?post=113389"}],"curies":[{"name":"wp","href":"https:\/\/api.w.org\/{rel}","templated":true}]}}