{"id":113395,"date":"2025-05-20T04:03:09","date_gmt":"2025-05-20T04:03:09","guid":{"rendered":"https:\/\/www.europesays.com\/fr\/113395\/"},"modified":"2025-05-20T04:03:09","modified_gmt":"2025-05-20T04:03:09","slug":"denzel-washington-tres-emu-au-moment-de-recevoir-une-palme-dor-dhonneur-surprise","status":"publish","type":"post","link":"https:\/\/www.europesays.com\/fr\/113395\/","title":{"rendered":"Denzel Washington tr\u00e8s \u00e9mu au moment de recevoir une Palme d\u2019or d\u2019honneur surprise"},"content":{"rendered":"<p>Le secret avait \u00e9t\u00e9 tr\u00e8s bien gard\u00e9. La star am\u00e9ricaine Denzel Washington a eu droit \u00e0 la remise surprise d\u2019une Palme d\u2019or d\u2019honneur sur <a data-i13n=\"cpos:1;pos:1\" href=\"https:\/\/fr.news.yahoo.com\/jennifer-lawrence-v%C3%A9cu-post-partum-093506772.html\" data-ylk=\"slk:la Croisette;cpos:1;pos:1;elm:context_link;itc:0;sec:content-canvas;outcm:mb_qualified_link;_E:mb_qualified_link;ct:story;\" class=\"link  yahoo-link\" target=\"_blank\" rel=\"noopener\">la Croisette<\/a>, juste avant la projection hors comp\u00e9tition de Highest 2 Lowest de Spike Lee, dont il est acteur f\u00e9tiche. Le r\u00e9alisateur am\u00e9ricain lui a remis cette distinction pour l\u2019ensemble de sa carri\u00e8re et les dirigeants du <a data-i13n=\"cpos:2;pos:1\" href=\"https:\/\/fr.news.yahoo.com\/wes-anderson-pousse-style-%C3%A0-050014245.html\" data-ylk=\"slk:festival de Cannes;cpos:2;pos:1;elm:context_link;itc:0;sec:content-canvas;outcm:mb_qualified_link;_E:mb_qualified_link;ct:story;\" class=\"link  yahoo-link\" target=\"_blank\" rel=\"noopener\">festival de Cannes<\/a>, Iris Knobloch et Thierry Fr\u00e9maux.<\/p>\n<p>\u00ab Nous avons quelque chose de sp\u00e9cial \u00e0 vous donner, M. Denzel Washington\u2026 \u00bb, a annonc\u00e9 Spike Lee, \u00ab&#8230; qui est une Palme d\u2019or d\u2019honneur \u00bb, a compl\u00e9t\u00e9 Thierry Fr\u00e9maux, en lui tendant la distinction. L\u2019acteur a ensuite eu droit \u00e0 une longue standing ovation, <strong>comme vous pouvez le voir dans la vid\u00e9o ci-dessous<\/strong>, o\u00f9 il semble tr\u00e8s touch\u00e9 par la surprise.<\/p>\n<p><a data-i13n=\"cpos:3;pos:1\" href=\"https:\/\/fr.news.yahoo.com\/wes-anderson-accuse-donald-trump-145311699.html\" data-ylk=\"slk:Wes Anderson accuse Donald Trump de vouloir \u00ab prendre tout le pognon \u00bb avec ses droits de douane;cpos:3;pos:1;elm:context_link;itc:0;sec:content-canvas;outcm:mb_qualified_link;_E:mb_qualified_link;ct:story;\" class=\"link  yahoo-link\" target=\"_blank\" rel=\"noopener\"> Wes Anderson accuse Donald Trump de vouloir \u00ab prendre tout le pognon \u00bb avec ses droits de douane <\/a><\/p>\n<p>\u00ab Merci, merci \u00bb, a-t-il r\u00e9agi, demandant au public de se rasseoir. \u00ab C\u2019est une surprise totale pour moi donc je suis un peu \u00e9mu, a-t-il poursuivi, merci \u00e0 tous du plus profond de mon c\u0153ur. C\u2019est une formidable opportunit\u00e9 de travailler \u00e0 nouveau avec mon fr\u00e8re Spike [Lee] et de revenir ici \u00e0 Cannes \u00bb. \u00ab Je suis combl\u00e9 au-del\u00e0 de mes esp\u00e9rances \u00bb, a-t-il conclu avant de remercier encore une fois les spectateurs pr\u00e9sents dans la salle.<\/p>\n<p>Un peu avant, l\u2019\u00e9quipe du film Highest 2 Lowest avait assur\u00e9 le show sur les marches du festival, avec Spike Lee en costume ray\u00e9, lunettes rondes et chapeau orange et bleu et la star du rap A$AP Rocky porteur d\u2019un \u00ab grillz \u00bb (proth\u00e8se dentaire) dor\u00e9. Ce dernier n\u2019\u00e9tait pas avec sa compagne, la chanteuse Rihanna, dont la venue \u00e9tait tr\u00e8s attendue par les fans.<\/p>\n<p>Comme le rappelle <a data-i13n=\"cpos:4;pos:1\" href=\"https:\/\/apnews.com\/article\/denzel-spike-cannes-highest-2-lowest-49e4acd64844d2844885a9574c6b2d2d\" rel=\"nofollow noopener\" target=\"_blank\" data-ylk=\"slk:Associated Press;cpos:4;pos:1;elm:context_link;itc:0;sec:content-canvas\" class=\"link \">Associated Press<\/a>, les prix surprises ne sont pas rares \u00e0 Cannes. En 2022, <a data-i13n=\"cpos:5;pos:1\" href=\"https:\/\/fr.news.yahoo.com\/mission-impossible-touche-%C3%A0-fin-083201423.html\" data-ylk=\"slk:Tom Cruise;cpos:5;pos:1;elm:context_link;itc:0;sec:content-canvas;outcm:mb_qualified_link;_E:mb_qualified_link;ct:story;\" class=\"link  yahoo-link\" target=\"_blank\" rel=\"noopener\">Tom Cruise<\/a> avait lui aussi re\u00e7u une Palme d\u2019or d\u2019honneur surprise juste avant la projection du film Top Gun : Maverick, o\u00f9 il tient le r\u00f4le principal. La semaine derni\u00e8re, c\u2019est l\u2019acteur oscaris\u00e9 Robert De Niro qui avait re\u00e7u une distinction \u2013 annonc\u00e9e \u00e0 l\u2019avance \u2013 pour l\u2019ensemble de sa carri\u00e8re.<\/p>\n<p><strong>\u00c0 voir \u00e9galement sur <\/strong><strong>Le HuffPost<\/strong><strong> :<\/strong><\/p>\n<p><a data-i13n=\"cpos:6;pos:1\" href=\"https:\/\/fr.news.yahoo.com\/au-festival-cannes-once-upon-180107659.html\" data-ylk=\"slk:Au Festival de Cannes, \u00ab Once upon a time in Gaza \u00bb r\u00e9ussit \u00e0 nous faire rire en temps de guerre;cpos:6;pos:1;elm:context_link;itc:0;sec:content-canvas;outcm:mb_qualified_link;_E:mb_qualified_link;ct:story;\" class=\"link  yahoo-link\" target=\"_blank\" rel=\"noopener\"> Au Festival de Cannes, \u00ab Once upon a time in Gaza \u00bb r\u00e9ussit \u00e0 nous faire rire en temps de guerre <\/a><\/p>\n<p><a data-i13n=\"cpos:7;pos:1\" href=\"https:\/\/fr.news.yahoo.com\/kevin-spacey-va-%C3%AAtre-c%C3%A9l%C3%A9br%C3%A9-151529641.html\" data-ylk=\"slk:Kevin Spacey va \u00eatre c\u00e9l\u00e9br\u00e9 en marge du Festival de Cannes, malgr\u00e9 les accusations d\u2019agressions sexuelles;cpos:7;pos:1;elm:context_link;itc:0;sec:content-canvas;outcm:mb_qualified_link;_E:mb_qualified_link;ct:story;\" class=\"link  yahoo-link\" target=\"_blank\" rel=\"noopener\"> Kevin Spacey va \u00eatre c\u00e9l\u00e9br\u00e9 en marge du Festival de Cannes, malgr\u00e9 les accusations d\u2019agressions sexuelles <\/a><\/p>\n","protected":false},"excerpt":{"rendered":"Le secret avait \u00e9t\u00e9 tr\u00e8s bien gard\u00e9. La star am\u00e9ricaine Denzel Washington a eu droit \u00e0 la remise&hellip;\n","protected":false},"author":2,"featured_media":113396,"comment_status":"","ping_status":"","sticky":false,"template":"","format":"standard","meta":{"footnotes":""},"categories":[1359],"tags":[17310,23312,58,59,5634,1011,27,23313,973,23311,23314],"class_list":{"0":"post-113395","1":"post","2":"type-post","3":"status-publish","4":"format-standard","5":"has-post-thumbnail","7":"category-people","8":"tag-dhonneur","9":"tag-denzel-washington","10":"tag-divertissement","11":"tag-entertainment","12":"tag-festival-de-cannes","13":"tag-fr","14":"tag-france","15":"tag-iris-knobloch","16":"tag-people","17":"tag-spike-lee","18":"tag-thierry-fremaux"},"share_on_mastodon":{"url":"https:\/\/pubeurope.com\/@fr\/114538178425667131","error":""},"_links":{"self":[{"href":"https:\/\/www.europesays.com\/fr\/wp-json\/wp\/v2\/posts\/113395","targetHints":{"allow":["GET"]}}],"collection":[{"href":"https:\/\/www.europesays.com\/fr\/wp-json\/wp\/v2\/posts"}],"about":[{"href":"https:\/\/www.europesays.com\/fr\/wp-json\/wp\/v2\/types\/post"}],"author":[{"embeddable":true,"href":"https:\/\/www.europesays.com\/fr\/wp-json\/wp\/v2\/users\/2"}],"replies":[{"embeddable":true,"href":"https:\/\/www.europesays.com\/fr\/wp-json\/wp\/v2\/comments?post=113395"}],"version-history":[{"count":0,"href":"https:\/\/www.europesays.com\/fr\/wp-json\/wp\/v2\/posts\/113395\/revisions"}],"wp:featuredmedia":[{"embeddable":true,"href":"https:\/\/www.europesays.com\/fr\/wp-json\/wp\/v2\/media\/113396"}],"wp:attachment":[{"href":"https:\/\/www.europesays.com\/fr\/wp-json\/wp\/v2\/media?parent=113395"}],"wp:term":[{"taxonomy":"category","embeddable":true,"href":"https:\/\/www.europesays.com\/fr\/wp-json\/wp\/v2\/categories?post=113395"},{"taxonomy":"post_tag","embeddable":true,"href":"https:\/\/www.europesays.com\/fr\/wp-json\/wp\/v2\/tags?post=113395"}],"curies":[{"name":"wp","href":"https:\/\/api.w.org\/{rel}","templated":true}]}}