{"id":113397,"date":"2025-05-20T04:04:15","date_gmt":"2025-05-20T04:04:15","guid":{"rendered":"https:\/\/www.europesays.com\/fr\/113397\/"},"modified":"2025-05-20T04:04:15","modified_gmt":"2025-05-20T04:04:15","slug":"maud-marron-wojewodzki-remplace-benoit-decron-au-musee-soulages","status":"publish","type":"post","link":"https:\/\/www.europesays.com\/fr\/113397\/","title":{"rendered":"Maud Marron-Wojewodzki remplace Beno\u00eet Decron au mus\u00e9e Soulages"},"content":{"rendered":"<p>Apr\u00e8s 16\u00a0ans \u00e0 la barre, Beno\u00eet Decron a fait valoir ses droits \u00e0 la retraite. Pilote de la pr\u00e9figuration\u00a0du mus\u00e9e Soulages de Rodez d\u00e8s 2009, ce m\u00e9di\u00e9viste\u00a0a ensuite dirig\u00e9 l\u2019institution\u00a0inaugur\u00e9e en 2014 dans un b\u00e2timent de l\u2019agence RCR (prix Pritzker 2017). Aujourd\u2019hui riche de 500\u00a0pi\u00e8ces, fruit de 4\u00a0donations entre 2005 et 2023, elle s\u2019est aussi fait remarquer par ses\u00a0expositions. \u00ab\u00a0Pierre Soulages souhaitait que son mus\u00e9e ne soit pas un mausol\u00e9e monographique, explique-t-il. Il y a eu 21\u00a0expositions temporaires depuis 2014. Je retiendrai 5\u00a0expositions\u00a0: Rafael Soto\u00a0en 2016,\u00a0Alexander Calder\u00a0en 2017,\u00a0Gilles Barbier\u00a0en 2021, \u201cLes derniers Soulages 2010-2022\u201d en\u2026<\/p>\n","protected":false},"excerpt":{"rendered":"Apr\u00e8s 16\u00a0ans \u00e0 la barre, Beno\u00eet Decron a fait valoir ses droits \u00e0 la retraite. Pilote de la&hellip;\n","protected":false},"author":2,"featured_media":113398,"comment_status":"","ping_status":"","sticky":false,"template":"","format":"standard","meta":{"footnotes":""},"categories":[1358],"tags":[1348,1384,1385,1386,58,59,1011,27,23316,11350,23315,7107,9350],"class_list":{"0":"post-113397","1":"post","2":"type-post","3":"status-publish","4":"format-standard","5":"has-post-thumbnail","7":"category-arts-et-design","8":"tag-arts","9":"tag-arts-and-design","10":"tag-arts-et-design","11":"tag-design","12":"tag-divertissement","13":"tag-entertainment","14":"tag-fr","15":"tag-france","16":"tag-maud-marron-wojewodzki","17":"tag-musee-fabre","18":"tag-musee-soulages","19":"tag-musees","20":"tag-nominations"},"share_on_mastodon":{"url":"https:\/\/pubeurope.com\/@fr\/114538182586769738","error":""},"_links":{"self":[{"href":"https:\/\/www.europesays.com\/fr\/wp-json\/wp\/v2\/posts\/113397","targetHints":{"allow":["GET"]}}],"collection":[{"href":"https:\/\/www.europesays.com\/fr\/wp-json\/wp\/v2\/posts"}],"about":[{"href":"https:\/\/www.europesays.com\/fr\/wp-json\/wp\/v2\/types\/post"}],"author":[{"embeddable":true,"href":"https:\/\/www.europesays.com\/fr\/wp-json\/wp\/v2\/users\/2"}],"replies":[{"embeddable":true,"href":"https:\/\/www.europesays.com\/fr\/wp-json\/wp\/v2\/comments?post=113397"}],"version-history":[{"count":0,"href":"https:\/\/www.europesays.com\/fr\/wp-json\/wp\/v2\/posts\/113397\/revisions"}],"wp:featuredmedia":[{"embeddable":true,"href":"https:\/\/www.europesays.com\/fr\/wp-json\/wp\/v2\/media\/113398"}],"wp:attachment":[{"href":"https:\/\/www.europesays.com\/fr\/wp-json\/wp\/v2\/media?parent=113397"}],"wp:term":[{"taxonomy":"category","embeddable":true,"href":"https:\/\/www.europesays.com\/fr\/wp-json\/wp\/v2\/categories?post=113397"},{"taxonomy":"post_tag","embeddable":true,"href":"https:\/\/www.europesays.com\/fr\/wp-json\/wp\/v2\/tags?post=113397"}],"curies":[{"name":"wp","href":"https:\/\/api.w.org\/{rel}","templated":true}]}}