{"id":113401,"date":"2025-05-20T04:06:25","date_gmt":"2025-05-20T04:06:25","guid":{"rendered":"https:\/\/www.europesays.com\/fr\/113401\/"},"modified":"2025-05-20T04:06:25","modified_gmt":"2025-05-20T04:06:25","slug":"francois-xavier-demaison-pris-au-depourvu-par-yann-barthes-apres-une-question-inattendue-dans-quotidien","status":"publish","type":"post","link":"https:\/\/www.europesays.com\/fr\/113401\/","title":{"rendered":"Fran\u00e7ois-Xavier Demaison pris au d\u00e9pourvu par Yann Barth\u00e8s apr\u00e8s une question inattendue dans Quotidien"},"content":{"rendered":"<p>Ce lundi 19 mai, Fran\u00e7ois-Xavier Demaison est venu promouvoir la sortie de la deuxi\u00e8me saison du N\u00e9gociateur sur le plateau de Quotidien. Yann Barth\u00e8s a pris au d\u00e9pourvu l&rsquo;acteur avec une question inattendue.<\/p>\n<p>Ce lundi 19 mai, <a href=\"https:\/\/www.programme-tv.net\/news\/series-tv\/379058-le-negociateur-faut-il-regarder-la-saison-2-inedite-avec-francois-xavier-demaison-diffusee-a-partir-de-ce-lundi-19-mai-2025-sur-tf1-notre-avis\/\" data-api-deeplink=\"teleloisirs:\/\/news\/379058\" rel=\"nofollow noopener\" target=\"_blank\">Fran\u00e7ois-Xavier Demaison renfile son gilet pare-balles pour la deuxi\u00e8me saison du N\u00e9gociateur,<\/a> diffus\u00e9e d\u00e8s ce lundi 19 mai sur TF1. Pour l&rsquo;occasion, l&rsquo;acteur, qui a d\u00e9but\u00e9 sa carri\u00e8re apr\u00e8s avoir \u00e9t\u00e9 t\u00e9moin<a href=\"https:\/\/www.programme-tv.net\/news\/tv\/297599-tout-est-devenu-derisoire-comment-les-attentats-du-11-septembre-2001-ont-bouleverse-la-carriere-de-francois-xavier-demaison-video\/\" data-api-deeplink=\"teleloisirs:\/\/news\/297599\" rel=\"nofollow noopener\" target=\"_blank\"> du terrible attentat du 11 septembre 2001<\/a>, \u00e9tait invit\u00e9 dans l&rsquo;\u00e9mission Quotidien pour promouvoir la s\u00e9rie. Yann Barth\u00e8s a d&rsquo;ailleurs pris au d\u00e9pourvu le com\u00e9dien avec une question inattendue, en rapport avec le domaine viticole qu&rsquo;il poss\u00e8de.<a href=\"https:\/\/www.programme-tv.net\/news\/people\/379219-francois-xavier-demaison-le-negociateur-fait-une-drole-de-remarque-sur-son-intimite-avec-sa-femme-et-destabilise-lea-salame-video\/\" data-api-deeplink=\"teleloisirs:\/\/news\/379219\" rel=\"nofollow noopener\" target=\"_blank\"> Fran\u00e7ois-Xavier Demaison <\/a>a r\u00e9pondu avec humour.<\/p>\n<p>\u00ab\u00a0Plus une goutte ?\u00a0\u00bb : Yann Barth\u00e8s pose une question \u00e0 Fran\u00e7ois-Xavier Demaison sur le plateau de Quotidien<\/p>\n<p>Apr\u00e8s avoir r\u00e9v\u00e9l\u00e9 que ses amis surnommaient Fran\u00e7ois-Xavier Demaison \u00ab\u00a0Formule tapas\u00a0\u00bb, Yann Barth\u00e8s a interrog\u00e9 le com\u00e9dien en restant sur le m\u00eame th\u00e8me : \u00ab\u00a0Qu&rsquo;est-ce que le vin vous a apport\u00e9 dans la vie ?\u00a0\u00bb. \u00ab\u00a0Le vin m&rsquo;a apport\u00e9 le partage, les rencontres et j&rsquo;aime \u00e7a, on ne va pas se mentir\u00a0\u00bb, a r\u00e9pondu l&rsquo;acteur.<b> <\/b>L&rsquo;animateur de Quotidien a alors lanc\u00e9 : <b>\u00ab\u00a0<\/b><b>Et si je vous disais demain : plus une goutte ?<\/b><b>\u00ab\u00a0, tandis que, surpris, l&rsquo;acteur a r\u00e9pliqu\u00e9 avec humour : \u00ab\u00a0<\/b><b>C&rsquo;est une punition cette \u00e9mission ?<\/b><b>\u00ab\u00a0<\/b>, suscitant l&rsquo;hilarit\u00e9 g\u00e9n\u00e9rale sur le plateau de TMC. \u00ab\u00a0Donc \u00e7a serait \u00e7a ?\u00a0\u00bb, en d\u00e9duit le pr\u00e9sentateur. Fran\u00e7ois-Xavier Demaison reprend : \u00ab\u00a0Non, j&rsquo;aime beaucoup \u00e7a, mais je peux m&rsquo;en passer&#8230; un petit peu\u00a0\u00bb, avant d&rsquo;ajouter avec plus de conviction : \u00ab\u00a0Je peux m&rsquo;en passer !\u00a0\u00bb.<\/p>\n<p>                        \u00ab\u00a0J&rsquo;ai eu la chance de r\u00e9aliser ce r\u00eave\u00a0\u00bb : Fran\u00e7ois-Xavier Demaison \u00e9voque son domaine viticole<\/p>\n<p>Depuis plusieurs ann\u00e9es, Fran\u00e7ois-Xavier Demaison est \u00e0 la t\u00eate d&rsquo;un domaine viticole, au c\u00f4t\u00e9 du meilleur sommelier de France : \u00ab\u00a0J&rsquo;ai eu la chance de r\u00e9aliser ce r\u00eave en rencontrant Dominique Laporte\u00a0\u00bb, expliquait-il en 2022 sur l&rsquo;antenne d&rsquo;Europe 1. \u00ab\u00a0On a tous les deux cette passion pour cette r\u00e9gion, le Roussillon, et pour ses terroirs\u00a0\u00bb, affirmait-il. Quant \u00e0 l&rsquo;origine du nom du domaine Mirmanda, il d\u00e9voilait qu&rsquo;il \u00e9tait inspir\u00e9 d&rsquo;une l\u00e9gende catalane : \u00ab\u00a0Qui dit que du temps o\u00f9 Barcelone n&rsquo;\u00e9tait qu&rsquo;un pr\u00e9, un royaume de f\u00e9e s&rsquo;\u00e9tendait pas tr\u00e8s loin de l\u00e0 o\u00f9 on a nos vignes. Un ouragan terrible les a ensevelis, ces f\u00e9es et ce royaume. Seul, aujourd&rsquo;hui, un berger au c\u0153ur pur peut les apercevoir\u00a0\u00bb.<\/p>\n","protected":false},"excerpt":{"rendered":"Ce lundi 19 mai, Fran\u00e7ois-Xavier Demaison est venu promouvoir la sortie de la deuxi\u00e8me saison du N\u00e9gociateur sur&hellip;\n","protected":false},"author":2,"featured_media":113402,"comment_status":"","ping_status":"","sticky":false,"template":"","format":"standard","meta":{"footnotes":""},"categories":[1356],"tags":[244,58,59,1011,27,23317,1404,252,8648,1364,23318],"class_list":{"0":"post-113401","1":"post","2":"type-post","3":"status-publish","4":"format-standard","5":"has-post-thumbnail","7":"category-television","8":"tag-commentaire","9":"tag-divertissement","10":"tag-entertainment","11":"tag-fr","12":"tag-france","13":"tag-franu00e7ois-xavier-demaison","14":"tag-quotidien","15":"tag-television","16":"tag-tmc","17":"tag-tv","18":"tag-yann-barthu00e8s"},"share_on_mastodon":{"url":"https:\/\/pubeurope.com\/@fr\/114538190252855696","error":""},"_links":{"self":[{"href":"https:\/\/www.europesays.com\/fr\/wp-json\/wp\/v2\/posts\/113401","targetHints":{"allow":["GET"]}}],"collection":[{"href":"https:\/\/www.europesays.com\/fr\/wp-json\/wp\/v2\/posts"}],"about":[{"href":"https:\/\/www.europesays.com\/fr\/wp-json\/wp\/v2\/types\/post"}],"author":[{"embeddable":true,"href":"https:\/\/www.europesays.com\/fr\/wp-json\/wp\/v2\/users\/2"}],"replies":[{"embeddable":true,"href":"https:\/\/www.europesays.com\/fr\/wp-json\/wp\/v2\/comments?post=113401"}],"version-history":[{"count":0,"href":"https:\/\/www.europesays.com\/fr\/wp-json\/wp\/v2\/posts\/113401\/revisions"}],"wp:featuredmedia":[{"embeddable":true,"href":"https:\/\/www.europesays.com\/fr\/wp-json\/wp\/v2\/media\/113402"}],"wp:attachment":[{"href":"https:\/\/www.europesays.com\/fr\/wp-json\/wp\/v2\/media?parent=113401"}],"wp:term":[{"taxonomy":"category","embeddable":true,"href":"https:\/\/www.europesays.com\/fr\/wp-json\/wp\/v2\/categories?post=113401"},{"taxonomy":"post_tag","embeddable":true,"href":"https:\/\/www.europesays.com\/fr\/wp-json\/wp\/v2\/tags?post=113401"}],"curies":[{"name":"wp","href":"https:\/\/api.w.org\/{rel}","templated":true}]}}