{"id":113405,"date":"2025-05-20T04:08:32","date_gmt":"2025-05-20T04:08:32","guid":{"rendered":"https:\/\/www.europesays.com\/fr\/113405\/"},"modified":"2025-05-20T04:08:32","modified_gmt":"2025-05-20T04:08:32","slug":"marvel-balance-les-premieres-images-de-galactus-et-on-netait-pas-pret","status":"publish","type":"post","link":"https:\/\/www.europesays.com\/fr\/113405\/","title":{"rendered":"Marvel balance les premi\u00e8res images de Galactus, et on n\u2019\u00e9tait pas pr\u00eat"},"content":{"rendered":"<p>Enfin un vrai Galactus qui fait peur. On le sait d\u00e9j\u00e0, mais Galactus sera le grand m\u00e9chant de Les Quatre Fantastiques : Premiers pas,\u00a0film int\u00e9grant le groupe de 4 superh\u00e9ros au Marvel Cinematic Universe. Mais ce qu\u2019on ne sait pas encore, c\u2019est \u00e0 quoi il va vraiment ressembler. Si on a pu distinguer dans la premi\u00e8re bande-annonce de dos l\u2019entit\u00e9 cosmique g\u00e9ante, <a href=\"https:\/\/www.piratesandprincesses.net\/this-is-what-mcu-galactus-will-look-like-in-fantastic-four-first-steps\/\" target=\"_blank\" rel=\"noopener\">il a fallu attendre un visuel promotionnel pour des produits Funko Pops et LEGO<\/a> pour enfin d\u00e9couvrir le v\u00e9ritable visage de Galactus. Et franchement, on n\u2019est pas d\u00e9\u00e7us.<\/p>\n<p>Alors vous aimez ? Vous trouvez \u00e7a mieux que le nuage g\u00e9ant de Les 4 Fantastiques et le Surfer d\u2019Argent ? Galactus est interpr\u00e9t\u00e9 par Ralph Ineson, un acteur qu\u2019on a d\u00e9j\u00e0 vu dans des r\u00f4les secondaires dans des films comme Harry Potter, Ready Player One ou Nosferatu. Dans le camp des gentils, nous aurons Pedro Pascal dans le r\u00f4le de Reed Richards \/ Mr Fantastique, Vanessa Kirby dans celui de Susan Storm \/ la Femme invisible, Joseph Quinn enfilera le costume de Johnny Storm \/ la Torche humaine et Ebon Moss-Bachrach sera Ben Grimm \/ la Chose.<\/p>\n<p>Les Quatre Fantastiques : Premiers pas sort en salles le 23 juillet 2025.\u00a0<\/p>\n","protected":false},"excerpt":{"rendered":"Enfin un vrai Galactus qui fait peur. On le sait d\u00e9j\u00e0, mais Galactus sera le grand m\u00e9chant de&hellip;\n","protected":false},"author":2,"featured_media":113406,"comment_status":"","ping_status":"","sticky":false,"template":"","format":"standard","meta":{"footnotes":""},"categories":[1354],"tags":[58,59,1346,1011,27,1360,1970],"class_list":{"0":"post-113405","1":"post","2":"type-post","3":"status-publish","4":"format-standard","5":"has-post-thumbnail","7":"category-films","8":"tag-divertissement","9":"tag-entertainment","10":"tag-films","11":"tag-fr","12":"tag-france","13":"tag-movies","14":"tag-pop-culture"},"share_on_mastodon":{"url":"https:\/\/pubeurope.com\/@fr\/114538198085846465","error":""},"_links":{"self":[{"href":"https:\/\/www.europesays.com\/fr\/wp-json\/wp\/v2\/posts\/113405","targetHints":{"allow":["GET"]}}],"collection":[{"href":"https:\/\/www.europesays.com\/fr\/wp-json\/wp\/v2\/posts"}],"about":[{"href":"https:\/\/www.europesays.com\/fr\/wp-json\/wp\/v2\/types\/post"}],"author":[{"embeddable":true,"href":"https:\/\/www.europesays.com\/fr\/wp-json\/wp\/v2\/users\/2"}],"replies":[{"embeddable":true,"href":"https:\/\/www.europesays.com\/fr\/wp-json\/wp\/v2\/comments?post=113405"}],"version-history":[{"count":0,"href":"https:\/\/www.europesays.com\/fr\/wp-json\/wp\/v2\/posts\/113405\/revisions"}],"wp:featuredmedia":[{"embeddable":true,"href":"https:\/\/www.europesays.com\/fr\/wp-json\/wp\/v2\/media\/113406"}],"wp:attachment":[{"href":"https:\/\/www.europesays.com\/fr\/wp-json\/wp\/v2\/media?parent=113405"}],"wp:term":[{"taxonomy":"category","embeddable":true,"href":"https:\/\/www.europesays.com\/fr\/wp-json\/wp\/v2\/categories?post=113405"},{"taxonomy":"post_tag","embeddable":true,"href":"https:\/\/www.europesays.com\/fr\/wp-json\/wp\/v2\/tags?post=113405"}],"curies":[{"name":"wp","href":"https:\/\/api.w.org\/{rel}","templated":true}]}}