{"id":113411,"date":"2025-05-20T04:11:12","date_gmt":"2025-05-20T04:11:12","guid":{"rendered":"https:\/\/www.europesays.com\/fr\/113411\/"},"modified":"2025-05-20T04:11:12","modified_gmt":"2025-05-20T04:11:12","slug":"cannes-2025-carla-bruni-sa-tenue-echancree-a-souhait-manque-de-la-faire-tomber-panique-en-direct","status":"publish","type":"post","link":"https:\/\/www.europesays.com\/fr\/113411\/","title":{"rendered":"CANNES 2025. Carla Bruni : sa tenue \u00e9chancr\u00e9e \u00e0 souhait manque de la faire tomber, panique en direct"},"content":{"rendered":"<p>Le d\u00e9fil\u00e9 de stars continue \u00e0 Cannes. Lundi 19 mai marquait le<br \/>\nd\u00e9but de la deuxi\u00e8me semaine de comp\u00e9tition. Ce soir-l\u00e0, le dernier<br \/>\nfilm de Spike Lee, Highest 2 Lowest, est projet\u00e9 au Palais des<br \/>\nFestivals et deux films concourent pour la Palme d\u2019or : Les Aigles<br \/>\nde la R\u00e9publique de Tarik Saleh et Alpha, le dernier film de Julia<br \/>\nDucournau. Pour rappel, elle avait d\u00e9j\u00e0 remport\u00e9 la Palme d\u2019or pour<br \/>\nson film Titane.<\/p>\n<p>Ce soir-l\u00e0, Carla Bruni faisait partie des invit\u00e9s. L\u2019ancienne<br \/>\nPremi\u00e8re Dame est arriv\u00e9e au Festival de Cannes le dimanche 18 mai.<br \/>\nElle avait fait sensation dans une sublime robe rouge. Le<br \/>\nlendemain, elle a mis\u00e9 sur une tenue qui s\u2019est av\u00e9r\u00e9 plut\u00f4t<br \/>\nrenversante\u2026 au sens propre, comme au sens figur\u00e9.<\/p>\n<p>Carla Bruni porte une robe renversante \u00e0 Cannes<\/p>\n<p>Parmi toutes les c\u00e9l\u00e9brit\u00e9s qui ont foul\u00e9 le tapis rouge le<br \/>\nlundi 19 mai, se trouvait l\u2019ancienne Premi\u00e8re Dame, Carla Bruni.<br \/>\nElle arborait une magnifique robe bleu canard fonc\u00e9. Avant de<br \/>\nmonter les marches, elle a donn\u00e9 une courte interview aux<br \/>\njournalistes de France Inter.<\/p>\n<p>Alors qu\u2019elle s&rsquo;appr\u00eatait \u00e0 faire demi-tour, pour aller voir<br \/>\n\u201cHighest 2 Lowest\u201d, l\u2019un des films projet\u00e9 ce soir-l\u00e0, elle a<br \/>\nfailli <a href=\"https:\/\/www.closermag.fr\/people\/cannes-2025-eva-longoria-a-deux-doigts-de-laccident-sa-robe-interdite-a-fait-des-siennes-3544875\" rel=\"nofollow noopener\" target=\"_blank\"><br \/>\ntomber \u00e0 la renverse en plein direct.<\/a> M\u00eame si la s\u00e9quence a \u00e9t\u00e9<br \/>\ntr\u00e8s br\u00e8ve, les cam\u00e9ras ont film\u00e9 Carla Bruni qui sur le point de<br \/>\ntr\u00e9bucher.Heureusement, plus de peur que de mal pour <a href=\"https:\/\/www.closermag.fr\/people\/carla-bruni-et-nicolas-sarkozy-a-quoi-ressemble-leur-chateau-en-provence-a-25-000-euros-la-nuit-3541590\" rel=\"nofollow noopener\" target=\"_blank\"><br \/>\nla femme de Nicolas Sarkozy.<\/a><\/p>\n<p>D\u2019o\u00f9 vient la robe de Carla Bruni<br \/>\n?<\/p>\n<p>Une fois sur le tapis rouge, Carla Bruni a pos\u00e9 fi\u00e8rement avec<br \/>\nsa robe sans manches Vivienne Westwood, enti\u00e8rement compos\u00e9e de<br \/>\ncristaux Swarovski. Elle pr\u00e9sentait des fentes sur le c\u00f4t\u00e9 droit et<br \/>\nle c\u00f4t\u00e9 gauche. Cette <a href=\"https:\/\/www.closermag.fr\/mode\/carla-bruni-robe-moulante-et-bas-resille-elle-enflamme-la-fashion-week-3512663#item=1\" rel=\"nofollow noopener\" target=\"_blank\"><br \/>\ncr\u00e9ation tr\u00e8s moulante<\/a> mettait sa silhouette en valeur.<\/p>\n<p>La mannequin et chanteuse portait aussi des <strong>bijoux<br \/>\nSwarovsk<\/strong>i, tout aussi scintillant que sa robe. Elle avait<br \/>\nnotamment une grosse bague et un large bracelet. Une tenue qui<br \/>\nconvient parfaitement au th\u00e8me de la soir\u00e9e \u201cBlack tie ans Chopard<br \/>\ndiamonds\u201d, organis\u00e9e par Chopard.<\/p>\n<p>Diaporama<br \/>\n<img decoding=\"async\" class=\"diapo_img img-responsive lazy-load\" loading=\"lazy\" src=\"https:\/\/www.europesays.com\/fr\/wp-content\/uploads\/2025\/05\/bestimage_00707435_000065.jpg\"\/><\/p>\n<p>\u00a9 Olivier Borde\/ Bestimage<\/p>\n<p>1\/5 Mont\u00e9e des marches du film \u00ab Highest 2<br \/>\nLowest \u00bb lors du 78\u00e8me Festival International du Film de<br \/>\nCannes<\/p>\n<p>Carla Bruni-Sarkozy &#8211; dans une robe<br \/>\nVivienne Westwood<\/p>\n<p><img decoding=\"async\" class=\"diapo_img img-responsive lazy-load\" loading=\"lazy\" src=\"https:\/\/www.europesays.com\/fr\/wp-content\/uploads\/2025\/05\/bestimage_00707435_000068.jpg\"\/><\/p>\n<p>\u00a9 Jacovides-Moreau \/ Bestimage<\/p>\n<p>2\/5 Mont\u00e9e des marches du film \u00ab Highest 2<br \/>\nLowest \u00bb lors du 78\u00e8me Festival International du Film de<br \/>\nCannes<\/p>\n<p>Carla Bruni-Sarkozy prend la pose sur le tapis rouge<\/p>\n<p><img decoding=\"async\" class=\"diapo_img img-responsive lazy-load\" loading=\"lazy\" src=\"https:\/\/www.europesays.com\/fr\/wp-content\/uploads\/2025\/05\/bestimage_00707436_000004.jpg\"\/><\/p>\n<p>\u00a9 Jacovides-Moreau \/ Bestimage<\/p>\n<p>3\/5 Mont\u00e9e des marches du film \u00ab Highest 2<br \/>\nLowest \u00bb lors du 78\u00e8me Festival International du Film de<br \/>\nCannes<\/p>\n<p>Carla Bruni-Sarkozy ravissante dans une robe moulante<\/p>\n<p><img decoding=\"async\" class=\"diapo_img img-responsive lazy-load\" loading=\"lazy\" src=\"https:\/\/www.europesays.com\/fr\/wp-content\/uploads\/2025\/05\/bestimage_00707436_000031.jpg\"\/><\/p>\n<p>\u00a9 Olivier Borde\/ Bestimage<\/p>\n<p>4\/5 Mont\u00e9e des marches du film \u00ab Highest 2<br \/>\nLowest \u00bb lors du 78\u00e8me Festival International du Film de<br \/>\nCannes<\/p>\n<p>Carla Bruni a faillit tomber en plein<br \/>\ndirect<\/p>\n<p><img decoding=\"async\" class=\"diapo_img img-responsive lazy-load\" loading=\"lazy\" src=\"https:\/\/www.europesays.com\/fr\/wp-content\/uploads\/2025\/05\/bestimage_00707436_000032.jpg\"\/><\/p>\n<p>\u00a9 Olivier Borde\/ Bestimage<\/p>\n<p>5\/5 Mont\u00e9e des marches du film \u00ab Highest 2<br \/>\nLowest \u00bb lors du 78\u00e8me Festival International du Film de<br \/>\nCannes<\/p>\n<p>Carla Bruni-Sarkozy &#8211; Mont\u00e9e des marches du film \u00ab Highest 2<br \/>\nLowest \u00bb lors du 78\u00e8me Festival International du Film de Cannes, au<br \/>\nPalais des Festivals \u00e0 Cannes. Le 19 mai 2025\u00a0<\/p>\n","protected":false},"excerpt":{"rendered":"Le d\u00e9fil\u00e9 de stars continue \u00e0 Cannes. Lundi 19 mai marquait le d\u00e9but de la deuxi\u00e8me semaine de&hellip;\n","protected":false},"author":2,"featured_media":113412,"comment_status":"","ping_status":"","sticky":false,"template":"","format":"standard","meta":{"footnotes":""},"categories":[8],"tags":[58,59,1011,27,1638],"class_list":{"0":"post-113411","1":"post","2":"type-post","3":"status-publish","4":"format-standard","5":"has-post-thumbnail","7":"category-divertissement","8":"tag-divertissement","9":"tag-entertainment","10":"tag-fr","11":"tag-france","12":"tag-has_diapo"},"share_on_mastodon":{"url":"https:\/\/pubeurope.com\/@fr\/114538209932172007","error":""},"_links":{"self":[{"href":"https:\/\/www.europesays.com\/fr\/wp-json\/wp\/v2\/posts\/113411","targetHints":{"allow":["GET"]}}],"collection":[{"href":"https:\/\/www.europesays.com\/fr\/wp-json\/wp\/v2\/posts"}],"about":[{"href":"https:\/\/www.europesays.com\/fr\/wp-json\/wp\/v2\/types\/post"}],"author":[{"embeddable":true,"href":"https:\/\/www.europesays.com\/fr\/wp-json\/wp\/v2\/users\/2"}],"replies":[{"embeddable":true,"href":"https:\/\/www.europesays.com\/fr\/wp-json\/wp\/v2\/comments?post=113411"}],"version-history":[{"count":0,"href":"https:\/\/www.europesays.com\/fr\/wp-json\/wp\/v2\/posts\/113411\/revisions"}],"wp:featuredmedia":[{"embeddable":true,"href":"https:\/\/www.europesays.com\/fr\/wp-json\/wp\/v2\/media\/113412"}],"wp:attachment":[{"href":"https:\/\/www.europesays.com\/fr\/wp-json\/wp\/v2\/media?parent=113411"}],"wp:term":[{"taxonomy":"category","embeddable":true,"href":"https:\/\/www.europesays.com\/fr\/wp-json\/wp\/v2\/categories?post=113411"},{"taxonomy":"post_tag","embeddable":true,"href":"https:\/\/www.europesays.com\/fr\/wp-json\/wp\/v2\/tags?post=113411"}],"curies":[{"name":"wp","href":"https:\/\/api.w.org\/{rel}","templated":true}]}}