{"id":113417,"date":"2025-05-20T04:14:08","date_gmt":"2025-05-20T04:14:08","guid":{"rendered":"https:\/\/www.europesays.com\/fr\/113417\/"},"modified":"2025-05-20T04:14:08","modified_gmt":"2025-05-20T04:14:08","slug":"culture-woke-election-truquee-de-biden-trump-de-nouveau-en-roue-libre","status":"publish","type":"post","link":"https:\/\/www.europesays.com\/fr\/113417\/","title":{"rendered":"Culture \u00ab\u00a0woke\u00a0\u00bb, \u00e9lection \u00ab\u00a0truqu\u00e9e\u00a0\u00bb de Biden\u2026 Trump de nouveau en roue libre"},"content":{"rendered":"<p>Lundi, <a href=\"https:\/\/www.20minutes.fr\/dossier\/donald_trump\" target=\"_blank\" class=\"color-ultramarine c-link\" rel=\"nofollow noopener\">Donald Trump<\/a> a une nouvelle fois tenu des propos qui vont faire plaisir aux <a href=\"https:\/\/www.20minutes.fr\/dossier\/theorie_du_complot\" target=\"_blank\" class=\"color-ultramarine c-link\" rel=\"nofollow noopener\">complotistes<\/a>. Le locataire de la Maison-Blanche a fustig\u00e9 la gestion du Kennedy Center, une institution culturelle de renom situ\u00e9e \u00e0 Washington et dont il est le pr\u00e9sident, y d\u00e9non\u00e7ant notamment des spectacles de \u00ab\u00a0propagande\u00a0\u00bb. Il a repris par la m\u00eame occasion ses critiques de l\u2019\u00e9lection \u00ab\u00a0truqu\u00e9e\u00a0\u00bb, selon lui, de\u00a02022.<\/p>\n<p>\u00ab\u00a0Le Kennedy Center, quand j\u2019ai dit que j\u2019allai le faire, je n\u2019y \u00e9tais jamais all\u00e9\u00a0\u00bb, a d\u00e9clar\u00e9 le pr\u00e9sident am\u00e9ricain devant les membres du conseil d\u2019administration du centre culturel r\u00e9unis \u00e0 la Maison-Blanche. \u00ab\u00a0C\u2019est la derni\u00e8re fois que j\u2019accepte un travail sans l\u2019avoir examin\u00e9\u00a0\u00bb, a-t-il plaisant\u00e9 en d\u00e9non\u00e7ant \u00ab\u00a0les sommes faramineuses d\u00e9pens\u00e9es\u00a0\u00bb. \u00ab\u00a0Je ne sais pas o\u00f9 ils l\u2019ont d\u00e9pens\u00e9\u00a0\u00bb, a-t-il ajout\u00e9. \u00ab\u00a0Ils ne l\u2019ont certainement pas d\u00e9pens\u00e9 en papier peint, en moquette ou en peinture.\u00a0\u00bb<\/p>\n<p>Un conseil d\u2019administration \u00e0 la main de Trump<\/p>\n<p>Surtout, Donald Trump a encore d\u00e9nonc\u00e9 \u00ab\u00a0une programmation devenue hors de contr\u00f4le\u00a0\u00bb et des spectacles de \u00ab\u00a0propagande politique\u00a0\u00bb et \u00ab\u00a0inappropri\u00e9s\u00a0\u00bb, visant notamment des \u00ab\u00a0soir\u00e9es dansantes pour la jeunesse transgenre\u00a0\u00bb.<\/p>\n<\/p>\n<p>Le pr\u00e9sident am\u00e9ricain a compl\u00e8tement remani\u00e9 mi-f\u00e9vrier le conseil d\u2019administration du Kennedy Center, licenciant plusieurs membres historiques. Le nouveau conseil l\u2019a ensuite nomm\u00e9 \u00e0 la t\u00eate de l\u2019institution culturelle de la capitale am\u00e9ricaine, promettant d\u2019y balayer la culture \u00ab\u00a0woke\u00a0\u00bb. Le Kennedy Center, une institution historiquement soutenue par r\u00e9publicains et d\u00e9mocrates, n\u2019avait jamais \u00e9t\u00e9 dirig\u00e9 auparavant par un pr\u00e9sident.<\/p>\n<p>Une accusation jamais \u00e9tay\u00e9e<\/p>\n<p>Lundi soir, Donald Trump a r\u00e9p\u00e9t\u00e9 l\u2019une de ses accusations pr\u00e9f\u00e9r\u00e9es, jamais \u00e9tay\u00e9e, que l\u2019\u00e9lection de\u00a02022 face au d\u00e9mocrate <a href=\"https:\/\/www.20minutes.fr\/dossier\/joe_biden\" target=\"_blank\" class=\"color-ultramarine c-link\" rel=\"nofollow noopener\">Joe Biden<\/a>, qu\u2019il a perdue, avait \u00e9t\u00e9 truqu\u00e9e. \u00ab\u00a0Ils ont truqu\u00e9 les \u00e9lections et j\u2019ai dit\u00a0: \u00ab\u00a0Vous savez ce que je vais faire\u00a0? Je vais me pr\u00e9senter \u00e0 nouveau, et je vais leur mettre dans le c\u2026\u00a0\u00bb\u00a0\u00bb, a-t-il d\u00e9clar\u00e9 sous les applaudissements et les rires. \u00ab\u00a0Et c\u2019est ce que j\u2019ai fait.\u00a0\u00bb \u00ab\u00a0S\u2019ils nous avaient laiss\u00e9s tranquilles, s\u2019ils n\u2019avaient pas trich\u00e9 sur l\u2019\u00e9lection et s\u2019ils ne l\u2019avaient pas truqu\u00e9e, j\u2019aurais d\u00e9j\u00e0 pris ma retraite\u00a0\u00bb, a-t-il affirm\u00e9.<\/p>\n<p><a href=\"https:\/\/www.20minutes.fr\/monde\/etats-unis\/\" target=\"_blank\" class=\"c-link c-btn c-btn--primary\" rel=\"nofollow noopener\">Notre dossier sur les Etats-Unis<\/a><\/p>\n<p>Le secr\u00e9taire d\u2019Etat Marco Rubio, la ministre de la Justice Pam Bondi ou encore le chef de cabinet de la Maison-Blanche Susie Wiles figuraient parmi les convives.<\/p>\n","protected":false},"excerpt":{"rendered":"Lundi, Donald Trump a une nouvelle fois tenu des propos qui vont faire plaisir aux complotistes. Le locataire&hellip;\n","protected":false},"author":2,"featured_media":113418,"comment_status":"","ping_status":"","sticky":false,"template":"","format":"standard","meta":{"footnotes":""},"categories":[5],"tags":[47,11,75,73,1011,27,14,457,74,12,133,28],"class_list":{"0":"post-113417","1":"post","2":"type-post","3":"status-publish","4":"format-standard","5":"has-post-thumbnail","7":"category-international","8":"tag-actualite","9":"tag-actualites","10":"tag-donald-trump","11":"tag-etats-unis","12":"tag-fr","13":"tag-france","14":"tag-international","15":"tag-joe-biden","16":"tag-monde","17":"tag-news","18":"tag-video","19":"tag-world"},"share_on_mastodon":{"url":"https:\/\/pubeurope.com\/@fr\/114538221682315221","error":""},"_links":{"self":[{"href":"https:\/\/www.europesays.com\/fr\/wp-json\/wp\/v2\/posts\/113417","targetHints":{"allow":["GET"]}}],"collection":[{"href":"https:\/\/www.europesays.com\/fr\/wp-json\/wp\/v2\/posts"}],"about":[{"href":"https:\/\/www.europesays.com\/fr\/wp-json\/wp\/v2\/types\/post"}],"author":[{"embeddable":true,"href":"https:\/\/www.europesays.com\/fr\/wp-json\/wp\/v2\/users\/2"}],"replies":[{"embeddable":true,"href":"https:\/\/www.europesays.com\/fr\/wp-json\/wp\/v2\/comments?post=113417"}],"version-history":[{"count":0,"href":"https:\/\/www.europesays.com\/fr\/wp-json\/wp\/v2\/posts\/113417\/revisions"}],"wp:featuredmedia":[{"embeddable":true,"href":"https:\/\/www.europesays.com\/fr\/wp-json\/wp\/v2\/media\/113418"}],"wp:attachment":[{"href":"https:\/\/www.europesays.com\/fr\/wp-json\/wp\/v2\/media?parent=113417"}],"wp:term":[{"taxonomy":"category","embeddable":true,"href":"https:\/\/www.europesays.com\/fr\/wp-json\/wp\/v2\/categories?post=113417"},{"taxonomy":"post_tag","embeddable":true,"href":"https:\/\/www.europesays.com\/fr\/wp-json\/wp\/v2\/tags?post=113417"}],"curies":[{"name":"wp","href":"https:\/\/api.w.org\/{rel}","templated":true}]}}