{"id":113420,"date":"2025-05-20T04:16:11","date_gmt":"2025-05-20T04:16:11","guid":{"rendered":"https:\/\/www.europesays.com\/fr\/113420\/"},"modified":"2025-05-20T04:16:11","modified_gmt":"2025-05-20T04:16:11","slug":"comment-donald-trump-a-lache-netanyahou-pour-se-rapprocher-des-pays-du-golfe","status":"publish","type":"post","link":"https:\/\/www.europesays.com\/fr\/113420\/","title":{"rendered":"Comment Donald Trump a l\u00e2ch\u00e9 Netanyahou pour se rapprocher des pays du Golfe"},"content":{"rendered":"<p><strong>D\u00c9CRYPTAGE &#8211;<\/strong> Le dernier voyage de Trump dans trois monarchies p\u00e9troli\u00e8res, notamment l\u2019Arabie saoudite, indique une nouvelle approche am\u00e9ricaine, moins messianique et plus pragmatique, tout en r\u00e9duisant l\u2019influence du premier ministre isra\u00e9lien.<\/p>\n<p class=\"fig-paragraph\">George W Bush avait essay\u00e9 de transformer le monde arabe. Barack Obama avait tent\u00e9 de s\u2019en \u00e9loigner. Donald Trump y ram\u00e8ne les \u00c9tats-Unis avec un r\u00e9alisme assum\u00e9. Le voyage de Trump dans les trois\u00a0<a href=\"https:\/\/www.lefigaro.fr\/international\/2010\/07\/28\/01003-20100728ARTFIG00624-oman-une-monarchie-petroliere-atypique.php\" data-fig-type=\"Article\" data-gtm-custom-categorie=\"navigation\" data-gtm-custom-action=\"crossclick\" data-gtm-custom-label=\"Contextuel\" data-gtm-event=\"customEventSPE\" data-fig-domain=\"LEFIGARO\" target=\"_blank\" rel=\"noopener\">monarchies p\u00e9troli\u00e8res<\/a>\u00a0du Golfe, premier d\u00e9placement officiel de son second mandat, a \u00e9t\u00e9 l\u2019occasion de d\u00e9voiler les nouveaux principes diplomatiques d\u2019un pr\u00e9sident qui a entrepris de red\u00e9finir le r\u00f4le des \u00c9tats-Unis dans le monde.<\/p>\n<p class=\"fig-paragraph\">Le style de Trump occulte parfois ce que sa politique peut avoir de classique. Loin d\u2019\u00eatre une compl\u00e8te rupture, la politique moyen-orientale renoue avec certains fondamentaux de la diplomatie am\u00e9ricaine dans la r\u00e9gion. L\u2019Arabie saoudite s\u2019est vue confirm\u00e9e comme alli\u00e9 central de Washington. Et si Isra\u00ebl continue de b\u00e9n\u00e9ficier de la d\u00e9fense am\u00e9ricaine, Trump a rappel\u00e9 en ne l\u2019incluant pas dans sa tourn\u00e9e que les \u00c9tats-Unis font passer avant tout leur int\u00e9r\u00eat\u00a0: celui d\u2019un<a href=\"http:\/\/www.lefigaro.fr\/international\/donald-trump-reserve-sa-premiere-tournee-internationale-au-moyen-orient-20250512\" data-fig-type=\"Article\" data-gtm-custom-categorie=\"navigation\" data-gtm-custom-action=\"crossclick\" data-gtm-custom-label=\"Contextuel\" data-gtm-event=\"customEventSPE\" data-fig-domain=\"LEFIGARO\" target=\"_blank\" rel=\"noopener\">\u00a0Moyen-Orient\u00a0<\/a>pacifi\u00e9, des march\u00e9s p\u00e9troliers stables et des contrats commerciaux, en particulier\u2026<\/p>\n<p class=\"fig-premium-paywall__infos\">\n        Cet article est r\u00e9serv\u00e9 aux abonn\u00e9s.        Il vous reste 88% \u00e0 d\u00e9couvrir.\n    <\/p>\n<p>                <img  data- alt=\"Le Figaro\" class=\"fig-img--complete fig-img\"\/><\/p>\n<p class=\"fig-premium-paywall__title\">Vente Flash<\/p>\n<p class=\"fig-premium-paywall__subtitle\">4,99\u20ac par mois pendant 12 mois. Sans engagement.<\/p>\n<p class=\"fig-premium-paywall__connect\">\n                D\u00e9j\u00e0 abonn\u00e9\u00a0?                <a class=\"fig-premium-paywall__connect-link\" href=\"https:\/\/connect.lefigaro.fr\/login?client=horizon_web&amp;type=main&amp;redirect_uri=https%3A%2F%2Fwww.lefigaro.fr%2Finternational%2Fcomment-donald-trump-a-lache-netanyahou-pour-se-rapprocher-des-pays-du-golfe-20250519\" data-js-gtm=\"{&quot;customCategorie&quot;: &quot;conversion&quot;, &quot;customAction&quot;: &quot;before_Landing_Connexion_paywall_auto&quot;, &quot;customLabel&quot;: &quot;bGVmaWdhcm8uZnJfXzFmMDM0Yjg3LTU5NzctNjQ1ZS1iODk0LWViZTczMGZjYmU4OV9fQXJ0aWNsZQ==_Comment Donald Trump a l\u00e2ch\u00e9 Netanyahou pour se rapprocher des pays du Golfe_572&quot;, &quot;customIDSPE&quot;: &quot;bGVmaWdhcm8uZnJfXzFmMDM0Yjg3LTU5NzctNjQ1ZS1iODk0LWViZTczMGZjYmU4OV9fQXJ0aWNsZQ==&quot;, &quot;event&quot;: &quot;customEventSPE&quot;}\" target=\"_blank\" rel=\"noopener\"><br \/>\n                    Connectez-vous<br \/>\n                <\/a>\n            <\/p>\n","protected":false},"excerpt":{"rendered":"D\u00c9CRYPTAGE &#8211; Le dernier voyage de Trump dans trois monarchies p\u00e9troli\u00e8res, notamment l\u2019Arabie saoudite, indique une nouvelle approche&hellip;\n","protected":false},"author":2,"featured_media":113421,"comment_status":"","ping_status":"","sticky":false,"template":"","format":"standard","meta":{"footnotes":""},"categories":[2],"tags":[259,11,260,952,75,1011,27,14,261,12,262],"class_list":{"0":"post-113420","1":"post","2":"type-post","3":"status-publish","4":"format-standard","5":"has-post-thumbnail","7":"category-actualites","8":"tag-actualite-internationale","9":"tag-actualites","10":"tag-affaires-etrangeres","11":"tag-benyamin-netanyahou","12":"tag-donald-trump","13":"tag-fr","14":"tag-france","15":"tag-international","16":"tag-ministere-des-affaires-etrangeres","17":"tag-news","18":"tag-politique-etrangere"},"share_on_mastodon":{"url":"https:\/\/pubeurope.com\/@fr\/114538229502167440","error":""},"_links":{"self":[{"href":"https:\/\/www.europesays.com\/fr\/wp-json\/wp\/v2\/posts\/113420","targetHints":{"allow":["GET"]}}],"collection":[{"href":"https:\/\/www.europesays.com\/fr\/wp-json\/wp\/v2\/posts"}],"about":[{"href":"https:\/\/www.europesays.com\/fr\/wp-json\/wp\/v2\/types\/post"}],"author":[{"embeddable":true,"href":"https:\/\/www.europesays.com\/fr\/wp-json\/wp\/v2\/users\/2"}],"replies":[{"embeddable":true,"href":"https:\/\/www.europesays.com\/fr\/wp-json\/wp\/v2\/comments?post=113420"}],"version-history":[{"count":0,"href":"https:\/\/www.europesays.com\/fr\/wp-json\/wp\/v2\/posts\/113420\/revisions"}],"wp:featuredmedia":[{"embeddable":true,"href":"https:\/\/www.europesays.com\/fr\/wp-json\/wp\/v2\/media\/113421"}],"wp:attachment":[{"href":"https:\/\/www.europesays.com\/fr\/wp-json\/wp\/v2\/media?parent=113420"}],"wp:term":[{"taxonomy":"category","embeddable":true,"href":"https:\/\/www.europesays.com\/fr\/wp-json\/wp\/v2\/categories?post=113420"},{"taxonomy":"post_tag","embeddable":true,"href":"https:\/\/www.europesays.com\/fr\/wp-json\/wp\/v2\/tags?post=113420"}],"curies":[{"name":"wp","href":"https:\/\/api.w.org\/{rel}","templated":true}]}}