{"id":113422,"date":"2025-05-20T04:17:10","date_gmt":"2025-05-20T04:17:10","guid":{"rendered":"https:\/\/www.europesays.com\/fr\/113422\/"},"modified":"2025-05-20T04:17:10","modified_gmt":"2025-05-20T04:17:10","slug":"une-assistante-deducation-rouee-de-coups-par-quatre-eleves","status":"publish","type":"post","link":"https:\/\/www.europesays.com\/fr\/113422\/","title":{"rendered":"une assistante d\u2019\u00e9ducation rou\u00e9e de coups par quatre \u00e9l\u00e8ves"},"content":{"rendered":"<p>Cette fois, c\u2019en est trop pour le personnel du coll\u00e8ge Massenet-Fourneyron du Chambon-Feugerolles. Jeudi 15\u00a0mai, en tentant de s\u2019interposer pour prot\u00e9ger une adolescente pass\u00e9e \u00e0 tabac par quatre autres coll\u00e9giennes, une assistante d\u2019\u00e9ducation (AED) a, elle aussi, \u00e9t\u00e9 rou\u00e9e de coups.<\/p>\n<p>Les faits se sont produits dans la cour, pendant la r\u00e9cr\u00e9ation de la matin\u00e9e. Les mises en cause auraient d\u00e9lib\u00e9r\u00e9ment agress\u00e9 leur camarade avec des coups de pied et de poing. \u00ab\u00a0Ma coll\u00e8gue a tent\u00e9 d\u2019extraire la victime. Elle a aussi \u00e9t\u00e9 frapp\u00e9e et a re\u00e7u des coups de sac, notamment dans le dos\u00a0\u00bb, explique un membre du personnel.<\/p>\n<p>La sc\u00e8ne a \u00e9t\u00e9 rapide. L\u2019employ\u00e9e bless\u00e9e par ces violences jug\u00e9es \u00ab\u00a0collat\u00e9rales\u00a0\u00bb fait l\u2019objet&#8230;<\/p>\n","protected":false},"excerpt":{"rendered":"Cette fois, c\u2019en est trop pour le personnel du coll\u00e8ge Massenet-Fourneyron du Chambon-Feugerolles. Jeudi 15\u00a0mai, en tentant de&hellip;\n","protected":false},"author":2,"featured_media":113423,"comment_status":"","ping_status":"","sticky":false,"template":"","format":"standard","meta":{"footnotes":""},"categories":[9653],"tags":[1111,11,2430,12162,3599,7539,1057,1777,674,274,107,1011,27,12161,3367,12,25,4001],"class_list":{"0":"post-113422","1":"post","2":"type-post","3":"status-publish","4":"format-standard","5":"has-post-thumbnail","7":"category-saint-etienne","8":"tag-actu","9":"tag-actualites","10":"tag-auvergne-rhone-alpes","11":"tag-chambon-feugerolles-ville","12":"tag-college-lycee","13":"tag-edition-loire-sud","14":"tag-education","15":"tag-eu","16":"tag-europe","17":"tag-faits-divers-justice","18":"tag-fil-info","19":"tag-fr","20":"tag-france","21":"tag-le-chambon-feugerolles","22":"tag-loire","23":"tag-news","24":"tag-republique-francaise","25":"tag-saint-etienne"},"share_on_mastodon":{"url":"https:\/\/pubeurope.com\/@fr\/114538233465037798","error":""},"_links":{"self":[{"href":"https:\/\/www.europesays.com\/fr\/wp-json\/wp\/v2\/posts\/113422","targetHints":{"allow":["GET"]}}],"collection":[{"href":"https:\/\/www.europesays.com\/fr\/wp-json\/wp\/v2\/posts"}],"about":[{"href":"https:\/\/www.europesays.com\/fr\/wp-json\/wp\/v2\/types\/post"}],"author":[{"embeddable":true,"href":"https:\/\/www.europesays.com\/fr\/wp-json\/wp\/v2\/users\/2"}],"replies":[{"embeddable":true,"href":"https:\/\/www.europesays.com\/fr\/wp-json\/wp\/v2\/comments?post=113422"}],"version-history":[{"count":0,"href":"https:\/\/www.europesays.com\/fr\/wp-json\/wp\/v2\/posts\/113422\/revisions"}],"wp:featuredmedia":[{"embeddable":true,"href":"https:\/\/www.europesays.com\/fr\/wp-json\/wp\/v2\/media\/113423"}],"wp:attachment":[{"href":"https:\/\/www.europesays.com\/fr\/wp-json\/wp\/v2\/media?parent=113422"}],"wp:term":[{"taxonomy":"category","embeddable":true,"href":"https:\/\/www.europesays.com\/fr\/wp-json\/wp\/v2\/categories?post=113422"},{"taxonomy":"post_tag","embeddable":true,"href":"https:\/\/www.europesays.com\/fr\/wp-json\/wp\/v2\/tags?post=113422"}],"curies":[{"name":"wp","href":"https:\/\/api.w.org\/{rel}","templated":true}]}}