{"id":113437,"date":"2025-05-20T04:26:41","date_gmt":"2025-05-20T04:26:41","guid":{"rendered":"https:\/\/www.europesays.com\/fr\/113437\/"},"modified":"2025-05-20T04:26:41","modified_gmt":"2025-05-20T04:26:41","slug":"pres-de-rouen-la-disco-soupe-a-lutte-contre-le-gaspillage","status":"publish","type":"post","link":"https:\/\/www.europesays.com\/fr\/113437\/","title":{"rendered":"pr\u00e8s de Rouen la disco soupe a lutt\u00e9 contre le gaspillage"},"content":{"rendered":"<p>            Par<br \/>\n        <strong><br \/>\n            <a href=\"https:\/\/actu.fr\/auteur\/le-journal-delbeuf\" title=\"Consulter tous les articles de R\u00e9daction Elbeuf\" rel=\"nofollow noopener\" target=\"_blank\">R\u00e9daction Elbeuf<\/a><br \/>\n        <\/strong><\/p>\n<p>        Publi\u00e9 le<\/p>\n<p>            19 mai 2025 \u00e0 12h17        <\/p>\n<p>Il faisait beau, le samedi 17 mai 2025. Assez pour vouloir tra\u00eener sur le champ de foire, \u00e0 <a href=\"https:\/\/actu.fr\/normandie\/elbeuf_76231\" rel=\"nofollow noopener\" target=\"_blank\">Elbeuf (Seine-Maritime)<\/a>, entre la fin des <a href=\"https:\/\/actu.fr\/normandie\/elbeuf_76231\/elbeuf-une-journee-danimations-gratuites-pour-sensibiliser-a-lenvironnement-et-a-la-sante_62607266.html\" rel=\"nofollow noopener\" target=\"_blank\">animations de Seine de printemps<\/a> et le <a href=\"https:\/\/actu.fr\/normandie\/elbeuf_76231\/guinguette-spectacles-gratuits-pres-de-rouen-quartier-dete-revient-des-le-9-mai_62601218.html\" rel=\"nofollow noopener\" target=\"_blank\">spectacle du soir pr\u00e9vu par le Cirque-Th\u00e9\u00e2tre<\/a>.<\/p>\n<p class=\" wall-content\">Et en attendant ce dernier, une prestation a\u00e9rienne r\u00e9alis\u00e9e en plein air, il y avait de quoi se restaurer avec les traditionnels stands de saucisses frites.<\/p>\n<p class=\" wall-content\">Mais depuis quelques ann\u00e9es, la mairie propose \u00e9galement une alternative en proposant une <b>distribution gratuite de soupe<\/b>, qui a \u00e9t\u00e9 cuisin\u00e9e toute l\u2019apr\u00e8s-midi <b>\u00e0 partir d\u2019invendus<\/b> de grandes surfaces et de primeurs locaux.<\/p>\n<p class=\" wall-content\">\u00ab Il y a trois ans, l\u2019association Z\u00e9ro d\u00e9chet \u00e9tait pr\u00e9sente sur le site de Seine de printemps, toujours tourn\u00e9e vers des activit\u00e9s li\u00e9es \u00e0 l\u2019environnement et la sant\u00e9, et nous a appris comment solliciter les enseignes alimentaires et valoriser leurs invendus. Anim\u2019action ayant une certaine exp\u00e9rience et la logistique n\u00e9cessaire, nous leur avons propos\u00e9 de reprendre le flambeau, ce qu\u2019ils ont accept\u00e9 de bon c\u0153ur \u00bb, explique Val\u00e9rie Biyoundoudi-Legrand, \u00e9co-m\u00e9diatrice municipale.<\/p>\n<p>Des dizaines de kilos \u00e0 pr\u00e9parer<\/p>\n<p class=\" wall-content\">Il faut dire que la pr\u00e9paration de la soupe est avant tout un acte de partage et de rassemblement de la population, la raison d\u2019\u00eatre de l\u2019association elbeuvienne qui g\u00e8re en temps normal 38 activit\u00e9s diff\u00e9rentes, de la randonn\u00e9e \u00e0 un atelier de couture, rassemblant 600\u00a0adh\u00e9rents.<\/p>\n<p class=\" wall-content\">Pour s\u2019occuper des <b>dizaines de kilos de fruits et l\u00e9gumes<\/b> fournis par les partenaires tels que le Leclerc de Saint-Pierre-l\u00e8s-Elbeuf, le Carrefour Market, le Comptoir du fruit ou le Comptoir des halles, environ <b>25\u00a0b\u00e9n\u00e9voles<\/b> ont r\u00e9pondu pr\u00e9sents et ont b\u00e9n\u00e9fici\u00e9 de l\u2019aide de nombreux habitants, venus pr\u00eater main-forte pour quelques minutes ou quelques heures.<\/p>\n<p>Vid\u00e9os : en ce moment sur Actu<\/p>\n<p class=\" wall-content\">Toute l\u2019apr\u00e8s-midi, ils ont tri\u00e9, \u00e9pluch\u00e9 et coup\u00e9 pommes de terre, carottes, oignons, choux\u2026 et m\u00eame un peu de persil et de piment, pour relever le go\u00fbt des deux grands faitouts.<\/p>\n<p>    <img   decoding=\"async\" loading=\"lazy\" class=\"size-large\" src=\"https:\/\/www.europesays.com\/fr\/wp-content\/uploads\/2025\/05\/756f7015fa286377f7015fa2870bf7v-960x640.jpg\" alt=\"mati\u00e8re premi\u00e8re\" width=\"960\" height=\"640\"\/><br \/>\n    Les mati\u00e8res premi\u00e8res, avant d\u2019\u00eatre transform\u00e9es en soupe. \u00a9Le Journal d\u2019Elbeuf<\/p>\n<p class=\" wall-content\">Les fruits, notamment les bananes, ont \u00e9t\u00e9 transform\u00e9s en smoothies gr\u00e2ce \u00e0 l\u2019intervention de v\u00e9los un peu sp\u00e9ciaux. Enfants et adultes ont particuli\u00e8rement appr\u00e9ci\u00e9 de s\u2019adonner \u00e0 ce jeu, qui consiste \u00e0 cr\u00e9er sa boisson \u00e0 la seule force des mollets !<\/p>\n<p>    <img   decoding=\"async\" loading=\"lazy\" class=\"size-large\" src=\"https:\/\/www.europesays.com\/fr\/wp-content\/uploads\/2025\/05\/815bcd25fa286955bcd25fa28995bcv-960x640.jpg\" alt=\"p\u00e9dalo \u00e0 smoothie : de bons fuits et l\u00e9gumes \u00e7a se m\u00e9rite !\" width=\"960\" height=\"640\"\/><br \/>\n    Boire un smoothie, \u00e7a se m\u00e9rite ! \u00a9Le Journal d\u2019ElbeufUne centaine de portions<\/p>\n<p class=\" wall-content\">Vers 18 h, la soupe \u00e9tait pr\u00eate pour rejoindre, \u00e0 bout de bras, le village du Cirque-Th\u00e9\u00e2tre pour proc\u00e9der \u00e0 la distribution. En tout, une centaine de portions \u00e9taient disponibles.<\/p>\n<p>    <img   decoding=\"async\" loading=\"lazy\" class=\"size-large\" src=\"https:\/\/www.europesays.com\/fr\/wp-content\/uploads\/2025\/05\/667b5cf4fa286b3bb5cf4fa28bbbb5v-768x640.jpg\" alt=\"la soupe\" width=\"768\" height=\"640\"\/><br \/>\n    Deux grandes marmites de soupe ont \u00e9t\u00e9 pr\u00e9par\u00e9es, gr\u00e2ce au travail des b\u00e9n\u00e9voles. \u00a9Le Journal d\u2019Elbeuf<\/p>\n<p class=\" wall-content\">\u00ab C\u2019est une super initiative, tellement mieux que le gaspillage et en plus elle est tr\u00e8s bonne ! \u00bb, t\u00e9moignent Jean et Aby, sa fille de sept ans, qui se r\u00e9galait \u00e9galement.<\/p>\n<p class=\" wall-content\">La d\u00e9gustation a m\u00eame eu lieu en musique, avec un orchestre de percussions, qui renfor\u00e7ait le caract\u00e8re festif de la manifestation et justifiait donc son nom de \u00ab disco soupe \u00bb. Celle-ci, pr\u00e9vue pour \u00eatre consomm\u00e9e sur place, a aussi \u00e9t\u00e9 mise en bocaux \u00e0 emporter.<\/p>\n<p class=\" wall-content\">Jusqu\u2019au bout, rien ne devait se perdre !<\/p>\n<p class=\" wall-content\">Suivez toute l\u2019actualit\u00e9 de vos villes et m\u00e9dias favoris en vous inscrivant \u00e0 <a href=\"https:\/\/moncompte.actu.fr\" title=\"D\u00e9couvez Mon Actu\" rel=\"nofollow noopener\" data-trk=\"{&quot;cta&quot;:{&quot;action&quot;:&quot;https:\\\/\\\/moncompte.actu.fr&quot;,&quot;category&quot;:&quot;mon compte&quot;,&quot;from&quot;:&quot;article footer&quot;,&quot;name&quot;:&quot;Mon actu&quot;,&quot;type&quot;:&quot;cta&quot;}}\" target=\"_blank\">Mon Actu<\/a>.<\/p>\n","protected":false},"excerpt":{"rendered":"Par R\u00e9daction Elbeuf Publi\u00e9 le 19 mai 2025 \u00e0 12h17 Il faisait beau, le samedi 17 mai 2025.&hellip;\n","protected":false},"author":2,"featured_media":113438,"comment_status":"","ping_status":"","sticky":false,"template":"","format":"standard","meta":{"footnotes":""},"categories":[9587],"tags":[1111,11,258,10263,130,1777,674,1011,27,12,5161,25,9590,104],"class_list":{"0":"post-113437","1":"post","2":"type-post","3":"status-publish","4":"format-standard","5":"has-post-thumbnail","7":"category-rouen","8":"tag-actu","9":"tag-actualites","10":"tag-alimentation","11":"tag-benevolat","12":"tag-consommation","13":"tag-eu","14":"tag-europe","15":"tag-fr","16":"tag-france","17":"tag-news","18":"tag-normandie","19":"tag-republique-francaise","20":"tag-rouen","21":"tag-societe"},"share_on_mastodon":{"url":"https:\/\/pubeurope.com\/@fr\/114538268993351273","error":""},"_links":{"self":[{"href":"https:\/\/www.europesays.com\/fr\/wp-json\/wp\/v2\/posts\/113437","targetHints":{"allow":["GET"]}}],"collection":[{"href":"https:\/\/www.europesays.com\/fr\/wp-json\/wp\/v2\/posts"}],"about":[{"href":"https:\/\/www.europesays.com\/fr\/wp-json\/wp\/v2\/types\/post"}],"author":[{"embeddable":true,"href":"https:\/\/www.europesays.com\/fr\/wp-json\/wp\/v2\/users\/2"}],"replies":[{"embeddable":true,"href":"https:\/\/www.europesays.com\/fr\/wp-json\/wp\/v2\/comments?post=113437"}],"version-history":[{"count":0,"href":"https:\/\/www.europesays.com\/fr\/wp-json\/wp\/v2\/posts\/113437\/revisions"}],"wp:featuredmedia":[{"embeddable":true,"href":"https:\/\/www.europesays.com\/fr\/wp-json\/wp\/v2\/media\/113438"}],"wp:attachment":[{"href":"https:\/\/www.europesays.com\/fr\/wp-json\/wp\/v2\/media?parent=113437"}],"wp:term":[{"taxonomy":"category","embeddable":true,"href":"https:\/\/www.europesays.com\/fr\/wp-json\/wp\/v2\/categories?post=113437"},{"taxonomy":"post_tag","embeddable":true,"href":"https:\/\/www.europesays.com\/fr\/wp-json\/wp\/v2\/tags?post=113437"}],"curies":[{"name":"wp","href":"https:\/\/api.w.org\/{rel}","templated":true}]}}