{"id":113445,"date":"2025-05-20T04:30:11","date_gmt":"2025-05-20T04:30:11","guid":{"rendered":"https:\/\/www.europesays.com\/fr\/113445\/"},"modified":"2025-05-20T04:30:11","modified_gmt":"2025-05-20T04:30:11","slug":"la-rue-lavait-lessive-sdf-depuis-20-ans-a-rennes-tom-est-mort-place-sainte-anne","status":"publish","type":"post","link":"https:\/\/www.europesays.com\/fr\/113445\/","title":{"rendered":"\u00ab\u00a0La rue l\u2019avait lessiv\u00e9\u00a0\u00bb\u00a0: SDF depuis 20 ans \u00e0 Rennes, Tom est mort place Sainte-Anne"},"content":{"rendered":"<p>Il \u00e9tait 14 h 10, vendredi 9 mai, quand Tom, un sdf de 45 ans s\u2019est \u00e9teint en haut des marches de la place Sainte-Anne. Depuis, les t\u00e9moignages affluent. R\u00e9guli\u00e8rement nettoy\u00e9s, enlev\u00e9s, ils refleurissent chaque jour depuis maintenant dix jours. Le pr\u00e9nom \u00ab Tom \u00bb a m\u00eame \u00e9t\u00e9 grav\u00e9 sur le cr\u00e9pi de l\u2019\u00e9glise, juste \u00e0 c\u00f4t\u00e9 de la porte d\u2019entr\u00e9e. Les modestes hommages affluent. Sur les bouts de cartons ou carr\u00e9ment tagu\u00e9s sur les murs, on pouvait lire : \u00ab On t\u2019aime fort \u00bb, \u00ab A jamais dans nos c\u0153urs \u00bb, \u00ab Tu nous manques \u00bb, \u00ab J\u2019embrasse les enfants pour toi \u00bb, \u00ab RIP \u00bb.<\/p>\n<p><img decoding=\"async\" src=\"https:\/\/www.europesays.com\/fr\/wp-content\/uploads\/2025\/05\/682b4df57b0cca168602d75f.1.jpeg\" width=\"480\" height=\"300\" class=\"web_golden_m\" loading=\"lazy\" alt=\"Samedi 16\u00a0mai, de nombreux mots \u00e9taient accroch\u00e9s sur des cartons en haut des marches de l\u2019\u00e9glise place Sainte-Anne \u00e0 Rennes.\"\/>Samedi 16\u00a0mai, de nombreux mots \u00e9taient accroch\u00e9s sur des cartons en haut des marches de l\u2019\u00e9glise place Sainte-Anne \u00e0 Rennes. (Le T\u00e9l\u00e9gramme\/Claire Staes)<\/p>\n<p>Les cartons ont \u00e9t\u00e9 enlev\u00e9s mais d\u00e8s le lendemain une statuette de la Vierge Marie, un tableau de Titi (et Grosminet) d\u00e9dicac\u00e9 par de nombreux anonymes et des fleurs ont \u00e9t\u00e9 d\u00e9pos\u00e9es. \u00ab Le d\u00e9c\u00e8s de Tom me rend triste \u00bb, souffle Mich\u00e8le, une Rennaise de 70 ans venue se recueillir en bas des marches. \u00ab Je parlais souvent avec Tom et cela, depuis des ann\u00e9es. Il mendiait autour de la place Sainte-Anne depuis des ann\u00e9es. Il \u00e9tait toujours souriant et gentil. Jamais, il n\u2019\u00e9tait agressif. Mais il \u00e9tait \u00e9teint. La rue l\u2019avait lessiv\u00e9. Il y avait pass\u00e9 vingt ans. Il avait pour habitude de dormir dans les prairies Saint-Martin. Suite aux inondations, il avait attrap\u00e9 une infection pulmonaire. Il avait \u00e9t\u00e9 hospitalis\u00e9 pendant trois semaines mais il ne s\u2019en est jamais remis. Il n\u2019avait plus la force d\u2019aller dormir l\u00e0-bas, alors il dormait sur les marches de l\u2019\u00e9glise place Sainte Anne. Il \u00e9tait au bout du rouleau. \u00bb<\/p>\n<p>Tente blanche <\/p>\n<p> M\u00eame son de cloche du c\u00f4t\u00e9 des bouquinistes de la place qui connaissaient bien Tom. \u00ab Un gars gentil qui ne participait jamais aux embrouilles. Il \u00e9tait toujours gentil. \u00bb Pendant plusieurs heures, vendredi, le jour de son d\u00e9c\u00e8s, un p\u00e9rim\u00e8tre a \u00e9t\u00e9 dress\u00e9 par la police autour de l\u2019escalier. Une tente blanche avait \u00e9galement \u00e9t\u00e9 mont\u00e9e par les pompiers afin d\u2019\u00e9viter que les passants n\u2019aper\u00e7oivent le corps de Tom.<\/p>\n<p><img decoding=\"async\" src=\"https:\/\/www.europesays.com\/fr\/wp-content\/uploads\/2025\/05\/682b4df5f94975bd9008e5d4.1.jpeg\" width=\"480\" height=\"300\" class=\"web_golden_m\" loading=\"lazy\" alt=\"\u00c0 Rennes, ce lundi matin, des statuettes, des fleurs et un tableau de Titi d\u00e9dicac\u00e9 rendaient hommage \u00e0 Tom.\"\/>\u00c0 Rennes, ce lundi matin, des statuettes, des fleurs et un tableau de Titi d\u00e9dicac\u00e9 rendaient hommage \u00e0 Tom. (Le T\u00e9l\u00e9gramme\/Claire Staes)<\/p>\n","protected":false},"excerpt":{"rendered":"Il \u00e9tait 14 h 10, vendredi 9 mai, quand Tom, un sdf de 45 ans s\u2019est \u00e9teint en&hellip;\n","protected":false},"author":2,"featured_media":113446,"comment_status":"","ping_status":"","sticky":false,"template":"","format":"standard","meta":{"footnotes":""},"categories":[2821],"tags":[1111,11,829,765,1777,674,118,3383,1011,27,12,584,25],"class_list":{"0":"post-113445","1":"post","2":"type-post","3":"status-publish","4":"format-standard","5":"has-post-thumbnail","7":"category-rennes","8":"tag-actu","9":"tag-actualites","10":"tag-bretagne","11":"tag-en-continu","12":"tag-eu","13":"tag-europe","14":"tag-faits-divers","15":"tag-faits-divers-a-rennes","16":"tag-fr","17":"tag-france","18":"tag-news","19":"tag-rennes","20":"tag-republique-francaise"},"share_on_mastodon":{"url":"https:\/\/pubeurope.com\/@fr\/114538284658029320","error":""},"_links":{"self":[{"href":"https:\/\/www.europesays.com\/fr\/wp-json\/wp\/v2\/posts\/113445","targetHints":{"allow":["GET"]}}],"collection":[{"href":"https:\/\/www.europesays.com\/fr\/wp-json\/wp\/v2\/posts"}],"about":[{"href":"https:\/\/www.europesays.com\/fr\/wp-json\/wp\/v2\/types\/post"}],"author":[{"embeddable":true,"href":"https:\/\/www.europesays.com\/fr\/wp-json\/wp\/v2\/users\/2"}],"replies":[{"embeddable":true,"href":"https:\/\/www.europesays.com\/fr\/wp-json\/wp\/v2\/comments?post=113445"}],"version-history":[{"count":0,"href":"https:\/\/www.europesays.com\/fr\/wp-json\/wp\/v2\/posts\/113445\/revisions"}],"wp:featuredmedia":[{"embeddable":true,"href":"https:\/\/www.europesays.com\/fr\/wp-json\/wp\/v2\/media\/113446"}],"wp:attachment":[{"href":"https:\/\/www.europesays.com\/fr\/wp-json\/wp\/v2\/media?parent=113445"}],"wp:term":[{"taxonomy":"category","embeddable":true,"href":"https:\/\/www.europesays.com\/fr\/wp-json\/wp\/v2\/categories?post=113445"},{"taxonomy":"post_tag","embeddable":true,"href":"https:\/\/www.europesays.com\/fr\/wp-json\/wp\/v2\/tags?post=113445"}],"curies":[{"name":"wp","href":"https:\/\/api.w.org\/{rel}","templated":true}]}}