{"id":113451,"date":"2025-05-20T04:35:24","date_gmt":"2025-05-20T04:35:24","guid":{"rendered":"https:\/\/www.europesays.com\/fr\/113451\/"},"modified":"2025-05-20T04:35:24","modified_gmt":"2025-05-20T04:35:24","slug":"prix-de-limmobilier-le-classement-des-dix-rues-les-plus-cheres-de-nice","status":"publish","type":"post","link":"https:\/\/www.europesays.com\/fr\/113451\/","title":{"rendered":"Prix de l\u2019immobilier\u00a0: le classement des dix rues les plus ch\u00e8res de Nice"},"content":{"rendered":"<p class=\"paragraph text_align_left\">\u00c0 Nice, la moyenne des prix d\u2019achat est de 5 139 euros du m\u00e8tre carr\u00e9 et a, depuis cinq ans, \u00e9volu\u00e9 de 18,7 %. Comptez 18,2 euros de loyer par m\u00e8tre carr\u00e9 pour un trois-pi\u00e8ces meubl\u00e9. Mais qu\u2019en est-il des rues les plus convoit\u00e9es ?<\/p>\n<p>Avenue Jean Lorrain : la rue o\u00f9 le m\u00e8tre carr\u00e9 est le plus cher de Nice<\/p>\n<p class=\"paragraph text_align_left\">Situ\u00e9e dans le quartier Mont Boron, cette avenue serpente le long de la c\u00f4te. C\u2019est une zone typiquement bord\u00e9e de villas luxueuses, souvent dot\u00e9es de jardins priv\u00e9s et de piscines, refl\u00e9tant le prestige de la C\u00f4te d\u2019Azur.<\/p>\n<p class=\"paragraph text_align_left\">L\u2019avenue Jean Lorrain affiche un prix au m\u00e8tre carr\u00e9 de 11 892 euros, soit 6 753 euros de plus que la moyenne de la ville. \u00c0 l\u2019\u00e9chelle nationale, la rue de Furstemberg \u00e0 Paris est la plus ch\u00e8re en 2025 avec 23 087 euros le m\u00e8tre carr\u00e9.<\/p>\n<p class=\"paragraph text_align_left\">Il y a deux points communs entre toutes les rues du top 10 : la proximit\u00e9 avec le Mont Boron et la mer. La plupart de ces rues offrent une vue \u00e0 couper le souffle sur le centre-ville de Nice, la presqu\u2019\u00eele du Cap Ferrat et la M\u00e9diterran\u00e9e.<\/p>\n<p class=\"paragraph text_align_left\"><b>Voici les dix rues les plus ch\u00e8res de Nice cette ann\u00e9e :<\/b><\/p>\n<ul class=\"margin_bottom_md fs_18_26 fs_20_28_ad blue-dot\">\n<li class=\"mb_150 pl_325\">Avenue Jean Lorrain\u00a0: 11\u00a0892\u00a0euros<\/li>\n<li class=\"mb_150 pl_325\">Avenue Germaine\u00a0: 11\u00a0107\u00a0euros<\/li>\n<li class=\"mb_150 pl_325\">Avenue Montfleury\u00a0: 11\u00a0013\u00a0euros<\/li>\n<li class=\"mb_150 pl_325\">Chemin Forestier\u00a0: 10\u00a0805\u00a0euros<\/li>\n<li class=\"mb_150 pl_325\">Boulevard Princesse Gr\u00e2ce de Monaco\u00a0: 10\u00a0788\u00a0euros<\/li>\n<li class=\"mb_150 pl_325\">Route Foresti\u00e8re du Mont-Boron\u00a0: 10\u00a0735\u00a0euros<\/li>\n<li class=\"mb_150 pl_325\">Boulevard Maurice Maeterlinck\u00a0: 10\u00a0648\u00a0euros<\/li>\n<li class=\"mb_150 pl_325\">Avenue du Cap de Nice\u00a0: 10\u00a0646\u00a0euros<\/li>\n<li class=\"mb_150 pl_325\">Avenue de la R\u00e9serve\u00a0: 10\u00a0371\u00a0euros<\/li>\n<li class=\"mb_150 pl_325\">Avenue des Hesp\u00e9rides\u00a0: 9\u00a0905\u00a0euros<\/li>\n<\/ul>\n<p class=\"paragraph text_align_left\">C\u2019est \u00e0 Paris que l\u2019on retrouve les dix rues les plus ch\u00e8res de France, notamment sur l\u2019\u00eele de la Cit\u00e9 et l\u2019\u00eele Saint-Louis avec des prix allant <a href=\"https:\/\/www.leparisien.fr\/immobilier\/immobilier-a-paris-de-20-000-a-70-000-euros-le-metre-carre-les-prix-delirants-des-iles-de-la-cite-et-saint-louis-19-05-2025-IFEZ6NGOJBBN5PVPV3GKNRTIEU.php?ts=1747647025462\" target=\"_self\" rel=\"nofollow noopener\">de 20 000 \u00e0 70 000 euros le m\u00e8tre carr\u00e9<\/a>.<\/p>\n","protected":false},"excerpt":{"rendered":"\u00c0 Nice, la moyenne des prix d\u2019achat est de 5 139 euros du m\u00e8tre carr\u00e9 et a, depuis&hellip;\n","protected":false},"author":2,"featured_media":113452,"comment_status":"","ping_status":"","sticky":false,"template":"","format":"standard","meta":{"footnotes":""},"categories":[2819],"tags":[1111,11,459,1777,674,1011,27,1116,12,2401,882,25],"class_list":{"0":"post-113451","1":"post","2":"type-post","3":"status-publish","4":"format-standard","5":"has-post-thumbnail","7":"category-nice","8":"tag-actu","9":"tag-actualites","10":"tag-departements-horsidfo","11":"tag-eu","12":"tag-europe","13":"tag-fr","14":"tag-france","15":"tag-immobilier","16":"tag-news","17":"tag-nice","18":"tag-provence-alpes-cote-dazur","19":"tag-republique-francaise"},"share_on_mastodon":{"url":"https:\/\/pubeurope.com\/@fr\/114538304220767987","error":""},"_links":{"self":[{"href":"https:\/\/www.europesays.com\/fr\/wp-json\/wp\/v2\/posts\/113451","targetHints":{"allow":["GET"]}}],"collection":[{"href":"https:\/\/www.europesays.com\/fr\/wp-json\/wp\/v2\/posts"}],"about":[{"href":"https:\/\/www.europesays.com\/fr\/wp-json\/wp\/v2\/types\/post"}],"author":[{"embeddable":true,"href":"https:\/\/www.europesays.com\/fr\/wp-json\/wp\/v2\/users\/2"}],"replies":[{"embeddable":true,"href":"https:\/\/www.europesays.com\/fr\/wp-json\/wp\/v2\/comments?post=113451"}],"version-history":[{"count":0,"href":"https:\/\/www.europesays.com\/fr\/wp-json\/wp\/v2\/posts\/113451\/revisions"}],"wp:featuredmedia":[{"embeddable":true,"href":"https:\/\/www.europesays.com\/fr\/wp-json\/wp\/v2\/media\/113452"}],"wp:attachment":[{"href":"https:\/\/www.europesays.com\/fr\/wp-json\/wp\/v2\/media?parent=113451"}],"wp:term":[{"taxonomy":"category","embeddable":true,"href":"https:\/\/www.europesays.com\/fr\/wp-json\/wp\/v2\/categories?post=113451"},{"taxonomy":"post_tag","embeddable":true,"href":"https:\/\/www.europesays.com\/fr\/wp-json\/wp\/v2\/tags?post=113451"}],"curies":[{"name":"wp","href":"https:\/\/api.w.org\/{rel}","templated":true}]}}