{"id":113453,"date":"2025-05-20T04:36:15","date_gmt":"2025-05-20T04:36:15","guid":{"rendered":"https:\/\/www.europesays.com\/fr\/113453\/"},"modified":"2025-05-20T04:36:15","modified_gmt":"2025-05-20T04:36:15","slug":"emile-louis-disparus-de-mourmelon-dr-godard-cette-geneticienne-nantaise-fait-parler-ladn-pour-resoudre-des-crimes","status":"publish","type":"post","link":"https:\/\/www.europesays.com\/fr\/113453\/","title":{"rendered":"\u00c9mile Louis, disparus de Mourmelon, Dr Godard&#8230; Cette g\u00e9n\u00e9ticienne nantaise fait parler l\u2019ADN pour r\u00e9soudre des crimes"},"content":{"rendered":"<p>Sa monture de lunettes est orange flashy, sa chemise vert \u00e9clatant\u2026 Marie-Ga\u00eblle Le Pajolec aime les couleurs. Peut-\u00eatre ce penchant rel\u00e8ve-t-il m\u00eame d\u2019un profond d\u00e9terminisme biologique puisque le sujet de sa th\u00e8se de doctorante \u00e9tait d\u00e9j\u00e0 consacr\u00e9 \u00e0 un g\u00e8ne de la&#8230; truite arc-en-ciel. D\u00e8s qu\u2019il s\u2019agit de g\u00e9n\u00e9tique, l\u2019experte nantaise est comme un poisson dans l\u2019eau.<\/p>\n<p>\u00ab Un boulot qui ait du sens \u00bb<\/p>\n<p>Marie-Ga\u00eblle Le Pajolec n\u2019a pas d\u2019embl\u00e9e fray\u00e9 parmi les scell\u00e9s de dossiers criminels. Elle a fait son apprentissage au sein du premier labo de g\u00e9n\u00e9tique mol\u00e9culaire breton, \u00e0 Rennes. La jeune doctorante originaire de Landivisiau (29) avait deux anges gardiens : les g\u00e9n\u00e9ticiens Jean-Paul Le Pennec et Jean-Paul Moisan. \u00ab Mes deux Jean-Paul \u00bb, sourit-elle. Le second va bient\u00f4t cr\u00e9er un labo de diagnostic de maladie g\u00e9n\u00e9tique au sein du CHU de Nantes. Nous sommes en 1990. Marie-Ga\u00eblle Le Pajolec a 27 ans. Elle cherche \u00ab un boulot qui ait du sens \u00bb.<\/p>\n<p>\u00ab C\u2019est arriv\u00e9 comme une technique miraculeuse \u00bb<\/p>\n<p>Elle passera dix ann\u00e9es au sein de ce labo nantais, charg\u00e9e du suivi des g\u00e8nes d\u00e9ficients au sein de familles de malades atteints de la myopathie de Duchenne et de la mucoviscidose. Curieuse de tout, elle a un \u0153il outre-Manche, o\u00f9, dans le milieu des ann\u00e9es 1980, un g\u00e9n\u00e9ticien, Alec Jeffreys, a d\u00e9velopp\u00e9 une technique d\u2019empreinte g\u00e9n\u00e9tique en visualisant les s\u00e9quences r\u00e9p\u00e9t\u00e9es, variables selon les individus, de l\u2019acide d\u00e9soxyribonucl\u00e9ique. \u00ab C\u2019est arriv\u00e9 comme une technique miraculeuse \u00bb, se souvient-elle.<\/p>\n<p>\u00ab Les disparus de Mourmelon \u00bb<\/p>\n<p>La d\u00e9couverte, vertigineuse, n\u2019a pas non plus \u00e9chapp\u00e9 au g\u00e9n\u00e9ticien Jean-Paul Moisan. Il fonde l\u2019IGNA (Institut g\u00e9n\u00e9tique Nantes Atlantique), en 2003, et la d\u00e9bauche. L\u2019\u00e9quipe, constitu\u00e9e de six experts, a un unique client : la Justice. Marie-Ga\u00eblle Le Pajolec s\u2019est port\u00e9e volontaire pour la fili\u00e8re \u00ab urgence \u00bb : \u00ab Au lieu d\u2019un ou deux mois, l\u00e0 on traitait les dossiers judiciaires en une semaine \u00bb. Son premier dossier ? Analyser des centaines d\u2019\u00e9l\u00e9ments pileux retrouv\u00e9s dans le fourgon d\u2019un certain Pierre Chanal. Elle identifie l\u2019ADN mitochondrial de quatre appel\u00e9s du contingent, de ceux qu\u2019on surnommera \u00ab les disparus de Mourmelon \u00bb.<\/p>\n<p>\u00ab J\u2019entendais le procureur reprendre mes mots \u00bb<\/p>\n<p>L\u2019adjudant Chanal se suicidera avant son proc\u00e8s. Marie-Ga\u00eblle Le Pajolec, elle, a d\u00e9j\u00e0 quitt\u00e9 la Marne pour l\u2019Yonne : \u00e0 partir de cr\u00e2nes retrouv\u00e9s sur les berges du Serein, elle identifie plusieurs victimes d\u2019un autre tueur en s\u00e9rie : \u00c9mile Louis. <\/p>\n<p>Puis ce furent les liens du petit Gr\u00e9gory, <a href=\"https:\/\/www.letelegramme.fr\/france\/je-mattends-a-tout-avec-monique-olivier-dit-le-pere-destelle-mouzin-6476783.php\" target=\"_blank\" rel=\"noopener\">la recherche d\u2019empreintes g\u00e9n\u00e9tiques d\u2019Estelle Mouzin<\/a>, <a href=\"https:\/\/www.letelegramme.fr\/bretagne\/lenigme-de-laffaire-godard-a-25-ans-6653125.php\" target=\"_blank\" rel=\"noopener\">la disparition du docteur Godard<\/a>, <a href=\"https:\/\/www.letelegramme.fr\/france\/affaire-elodie-kulik-willy-bardon-condamne-en-appel-a-30-ans-de-reclusion-187367.php\" target=\"_blank\" rel=\"noopener\">le meurtre d\u2019\u00c9lodie Kulik<\/a>\u2026 Marie-Ga\u00eblle Le Pajolec est de toutes les grandes affaires criminelles. \u00ab Il m\u2019est arriv\u00e9 de t\u00e9l\u00e9phoner mes r\u00e9sultats au procureur \u00e0 17 h. Le lendemain, je mettais la radio en me lavant les dents et je l\u2019entendais reprendre mes mots. C\u2019\u00e9tait dr\u00f4le ! \u00bb, s\u2019amuse-t-elle.<\/p>\n<p>\u00ab Le pr\u00e9dateur des bois \u00bb<\/p>\n<p>Apr\u00e8s le d\u00e9c\u00e8s accidentel de Jean-Paul Moisan en 2012, Marie-Ga\u00eblle Le Pajolec est devenue codirectrice de l\u2019IGNA. Quatre-vingts employ\u00e9s y r\u00e9ceptionnent des milliers de dossiers chaque ann\u00e9e. L\u2019expertise n\u2019occupe plus que 50 % de son temps. Elle a tout de m\u00eame particip\u00e9 au premier dossier fran\u00e7ais qui a eu recours, gr\u00e2ce \u00e0 l\u2019appui des \u00c9tats-Unis, \u00e0 l\u2019ADN de parent\u00e8le (qui permet de \u00ab matcher \u00bb avec des membres d\u2019un m\u00eame arbre g\u00e9n\u00e9alogique). Il a permis de confondre \u00ab le pr\u00e9dateur des bois \u00bb, auteur de cinq viols, entre 1998 et 2008, en Charente-Maritime et en r\u00e9gion parisienne.<\/p>\n<p>\u00ab Il y a des limites \u00bb \u00e0 l\u2019ADN<\/p>\n<p>Tous les ADN \u00e0 ce jour non identifi\u00e9s sont conserv\u00e9s dans le Fichier national automatis\u00e9 des empreintes g\u00e9n\u00e9tiques. Marie-Ga\u00eblle Le Pajolec esp\u00e8re \u00ab qu\u2019ils parleront un jour \u00bb. En attendant, elle viendra, <a href=\"https:\/\/www.letelegramme.fr\/bretagne\/a-pleumeur-bodou-trois-jours-avec-des-experts-du-crime-du-23-au-25-mai-6818193.php\" target=\"_blank\" rel=\"noopener\">samedi, \u00e0 14 h 30, \u00e0 Pleumeur-Bodou<\/a>, \u00e9voquer son savoir-faire et plusieurs affaires v\u00e9cues de l\u2019int\u00e9rieur. Selon elle, tous les progr\u00e8s offerts par l\u2019ADN n\u2019ont pas encore \u00e9t\u00e9 explor\u00e9s. \u00ab Mais il y a des limites. Si le pr\u00e9l\u00e8vement n\u2019a pas \u00e9t\u00e9 fait au bon endroit, on n\u2019aura jamais le r\u00e9sultat\u2026 \u00bb<\/p>\n<p class=\"note\">Journ\u00e9es du crime et de la science, du 22 au 25 mai, p\u00f4le Phoenix, route du Rad\u00f4me, \u00e0 Pleumeur-Bodou. Entr\u00e9e gratuite dans la limite des places disponibles.<\/p>\n","protected":false},"excerpt":{"rendered":"Sa monture de lunettes est orange flashy, sa chemise vert \u00e9clatant\u2026 Marie-Ga\u00eblle Le Pajolec aime les couleurs. Peut-\u00eatre&hellip;\n","protected":false},"author":2,"featured_media":113454,"comment_status":"","ping_status":"","sticky":false,"template":"","format":"standard","meta":{"footnotes":""},"categories":[2818],"tags":[1111,11,829,2171,1777,674,1011,27,6821,5862,2131,766,12,16048,2636,5868,25],"class_list":{"0":"post-113453","1":"post","2":"type-post","3":"status-publish","4":"format-standard","5":"has-post-thumbnail","7":"category-nantes","8":"tag-actu","9":"tag-actualites","10":"tag-bretagne","11":"tag-cotes-darmor","12":"tag-eu","13":"tag-europe","14":"tag-fr","15":"tag-france","16":"tag-landivisiau","17":"tag-lannion","18":"tag-morlaix","19":"tag-nantes","20":"tag-news","21":"tag-newsletter-aujourdhui-en-bretagne","22":"tag-pays-de-la-loire","23":"tag-pleumeur-bodou","24":"tag-republique-francaise"},"share_on_mastodon":{"url":"https:\/\/pubeurope.com\/@fr\/114538308160675753","error":""},"_links":{"self":[{"href":"https:\/\/www.europesays.com\/fr\/wp-json\/wp\/v2\/posts\/113453","targetHints":{"allow":["GET"]}}],"collection":[{"href":"https:\/\/www.europesays.com\/fr\/wp-json\/wp\/v2\/posts"}],"about":[{"href":"https:\/\/www.europesays.com\/fr\/wp-json\/wp\/v2\/types\/post"}],"author":[{"embeddable":true,"href":"https:\/\/www.europesays.com\/fr\/wp-json\/wp\/v2\/users\/2"}],"replies":[{"embeddable":true,"href":"https:\/\/www.europesays.com\/fr\/wp-json\/wp\/v2\/comments?post=113453"}],"version-history":[{"count":0,"href":"https:\/\/www.europesays.com\/fr\/wp-json\/wp\/v2\/posts\/113453\/revisions"}],"wp:featuredmedia":[{"embeddable":true,"href":"https:\/\/www.europesays.com\/fr\/wp-json\/wp\/v2\/media\/113454"}],"wp:attachment":[{"href":"https:\/\/www.europesays.com\/fr\/wp-json\/wp\/v2\/media?parent=113453"}],"wp:term":[{"taxonomy":"category","embeddable":true,"href":"https:\/\/www.europesays.com\/fr\/wp-json\/wp\/v2\/categories?post=113453"},{"taxonomy":"post_tag","embeddable":true,"href":"https:\/\/www.europesays.com\/fr\/wp-json\/wp\/v2\/tags?post=113453"}],"curies":[{"name":"wp","href":"https:\/\/api.w.org\/{rel}","templated":true}]}}