{"id":113467,"date":"2025-05-20T04:43:09","date_gmt":"2025-05-20T04:43:09","guid":{"rendered":"https:\/\/www.europesays.com\/fr\/113467\/"},"modified":"2025-05-20T04:43:09","modified_gmt":"2025-05-20T04:43:09","slug":"mercato-losc-angel-gomes-confirme-son-depart-de-lille-a-la-fin-de-son-contrat-sport","status":"publish","type":"post","link":"https:\/\/www.europesays.com\/fr\/113467\/","title":{"rendered":"Mercato Losc. Angel Gomes confirme son d\u00e9part de Lille \u00e0 la fin de son contrat . Sport"},"content":{"rendered":"<p>Lille va perdre un autre de ses cadres. Apr\u00e8s <a href=\"https:\/\/rennes.maville.com\/sport\/detail_-mercato-lille.-jonathan-david-confirme-son-depart-du-losc-_54135-6807335_actu.Htm\" target=\"_self\" rel=\"noopener\">le d\u00e9part confirm\u00e9 de Jonathan David<\/a>, c\u2019est Angel Gomes qui s\u2019en ira lorsque son contrat sera arriv\u00e9 \u00e0 son terme, le 30\u00a0juin 2025. L\u2019international anglais a annonc\u00e9 la nouvelle sur ses r\u00e9seaux sociaux ce lundi 19\u00a0mai 2025.<\/p>\n<p>\u00ab\u00a0Merci et \u00e0 bient\u00f4t\u00a0\u00bb<\/p>\n<p>Arriv\u00e9 en 2020, Angel Gomes a d\u2019abord \u00e9t\u00e9 pr\u00eat\u00e9 \u00e0 Boavista avant d\u2019int\u00e9grer pleinement le groupe lillois. Arriv\u00e9 de Manchester United, il a \u00e9t\u00e9 l\u2019un des joueurs cl\u00e9s du LOSC, associ\u00e9 notamment au capitaine Benjamin Andr\u00e9 au milieu de terrain.<\/p>\n<blockquote class=\"instagram-media\" data-instgrm-captioned=\"\" data-instgrm-permalink=\"https:\/\/www.instagram.com\/reel\/DJ183PcsGlR\/?utm_source=ig_embed&amp;utm_campaign=loading\" data-instgrm-version=\"14\" style=\" background:#FFF; border:0; border-radius:3px; box-shadow:0 0 1px 0 rgba(0,0,0,0.5),0 1px 10px 0 rgba(0,0,0,0.15); margin: 1px; max-width:540px; min-width:326px; padding:0; width:99.375%; width:-webkit-calc(100% - 2px); width:calc(100% - 2px);\" wp_automatic_readability=\"-0.23595505617978\"\/>\n<p><strong>\u00ab\u00a0Apr\u00e8s quatre ann\u00e9es inoubliables au LOSC Lille, il est temps pour moi de vous dire au revoir. Ce club a \u00e9t\u00e9 plus qu\u2019une simple \u00e9quipe &#8211; c\u2019\u00e9tait une famille, une maison et un endroit qui m\u2019a fa\u00e7onn\u00e9 sur le terrain et en dehors. Comme tout voyage, il y a eu des hauts et des bas, mais je suis vraiment reconnaissant envers mes co\u00e9quipiers et les fans de m\u2019avoir soutenu tout au long. <\/strong> <strong>Je suis fier de ce que nous avons accompli ensemble et reconnaissant pour chaque instant. Aux fans &#8211; merci pour votre incroyable soutien et pour avoir cru en moi. Je serai toujours reconnaissant. J\u2019ai toujours donn\u00e9 tout ce que j\u2019avais pour le blason et pour vous tous. <\/strong> <strong>Lille aura toujours une place sp\u00e9ciale dans mon c\u0153ur. <\/strong> <strong>Merci et \u00e0 bient\u00f4t\u00a0\u00bb<\/strong>, a \u00e9crit le futur ex-lillois sur son compte Instagram.<\/p>\n<p>Avec le club lillois, il a disput\u00e9 134\u00a0matches toutes comp\u00e9titions confondues, pour 10\u00a0buts et 19\u00a0passes d\u00e9cisives. Son passage dans le Nord lui a \u00e9galement permis d\u2019honorer sa premi\u00e8re s\u00e9lection avec l\u2019Angleterre, lui qui en compte d\u00e9sormais quatre. Le milieu de terrain, surveill\u00e9 par de nombreux clubs, ferait notamment partie des plans de l\u2019Olympique de Marseille.<\/p>\n<p><strong>Lire aussi\u00a0:<\/strong> <a href=\"https:\/\/www.ouest-france.fr\/sport\/football\/ligue-1\/direct\/direct-course-a-leurope-lutte-pour-le-maintien-suivez-le-multiplex-de-la-34e-journee-de-ligue-1-e2490379-ce23-4bff-b62d-c4f8f8fb6622\" target=\"_self\" rel=\"noopener\">Ligue 1. Saint-Etienne rel\u00e9gu\u00e9, Reims barragiste, Nice 4e\u2026 Clap de fin sur la saison 2024-2025<\/a><\/p>\n<p>La bonne nouvelle du jour c\u00f4t\u00e9 lillois, concerne son entra\u00eeneur Bruno G\u00e9n\u00e9sio, qui a <a href=\"https:\/\/rennes.maville.com\/sport\/detail_-ligue-1.-bruno-genesio-restera-l-entraineur-de-lille-pour-la-saison-2025-2026-_54135-6814890_actu.Htm\" target=\"_self\" rel=\"noopener\">confirm\u00e9 poursuivre la saison prochaine<\/a>.<\/p>\n<p>\u00a0<\/p>\n<p>\t\t<script async src=\"\/\/www.instagram.com\/embed.js\"><\/script><\/p>\n","protected":false},"excerpt":{"rendered":"Lille va perdre un autre de ses cadres. Apr\u00e8s le d\u00e9part confirm\u00e9 de Jonathan David, c\u2019est Angel Gomes&hellip;\n","protected":false},"author":2,"featured_media":113468,"comment_status":"","ping_status":"","sticky":false,"template":"","format":"standard","meta":{"footnotes":""},"categories":[2815],"tags":[1111,11,3809,1465,1777,674,63,1011,27,1792,811,1922,1307,12,25,479,517,3165,1470],"class_list":{"0":"post-113467","1":"post","2":"type-post","3":"status-publish","4":"format-standard","5":"has-post-thumbnail","7":"category-lille","8":"tag-actu","9":"tag-actualites","10":"tag-ball","11":"tag-basket","12":"tag-eu","13":"tag-europe","14":"tag-football","15":"tag-fr","16":"tag-france","17":"tag-handball","18":"tag-hauts-de-france","19":"tag-info","20":"tag-lille","21":"tag-news","22":"tag-republique-francaise","23":"tag-rugby","24":"tag-sport","25":"tag-vannes","26":"tag-volley"},"share_on_mastodon":{"url":"https:\/\/pubeurope.com\/@fr\/114538335661925418","error":""},"_links":{"self":[{"href":"https:\/\/www.europesays.com\/fr\/wp-json\/wp\/v2\/posts\/113467","targetHints":{"allow":["GET"]}}],"collection":[{"href":"https:\/\/www.europesays.com\/fr\/wp-json\/wp\/v2\/posts"}],"about":[{"href":"https:\/\/www.europesays.com\/fr\/wp-json\/wp\/v2\/types\/post"}],"author":[{"embeddable":true,"href":"https:\/\/www.europesays.com\/fr\/wp-json\/wp\/v2\/users\/2"}],"replies":[{"embeddable":true,"href":"https:\/\/www.europesays.com\/fr\/wp-json\/wp\/v2\/comments?post=113467"}],"version-history":[{"count":0,"href":"https:\/\/www.europesays.com\/fr\/wp-json\/wp\/v2\/posts\/113467\/revisions"}],"wp:featuredmedia":[{"embeddable":true,"href":"https:\/\/www.europesays.com\/fr\/wp-json\/wp\/v2\/media\/113468"}],"wp:attachment":[{"href":"https:\/\/www.europesays.com\/fr\/wp-json\/wp\/v2\/media?parent=113467"}],"wp:term":[{"taxonomy":"category","embeddable":true,"href":"https:\/\/www.europesays.com\/fr\/wp-json\/wp\/v2\/categories?post=113467"},{"taxonomy":"post_tag","embeddable":true,"href":"https:\/\/www.europesays.com\/fr\/wp-json\/wp\/v2\/tags?post=113467"}],"curies":[{"name":"wp","href":"https:\/\/api.w.org\/{rel}","templated":true}]}}