{"id":1134694,"date":"2026-08-18T15:12:15","date_gmt":"2026-08-18T15:12:15","guid":{"rendered":"https:\/\/www.europesays.com\/fr\/1134694\/"},"modified":"2026-08-18T15:12:15","modified_gmt":"2026-08-18T15:12:15","slug":"dans-un-bar-bien-connu-de-rouen-il-pose-une-arme-sur-le-comptoir-avant-de-commander-une-biere","status":"publish","type":"post","link":"https:\/\/www.europesays.com\/fr\/1134694\/","title":{"rendered":"Dans un bar bien connu de Rouen, il pose une arme sur le comptoir avant de commander une bi\u00e8re"},"content":{"rendered":"<p>                    Par<br \/>\n        <strong><br \/>\n            <a href=\"https:\/\/actu.fr\/auteur\/yann-rivallan\" title=\"Consulter tous les articles de Yann Rivallan\" rel=\"nofollow noopener\" target=\"_blank\">Yann Rivallan<\/a><br \/>\n                    <\/strong><\/p>\n<p>        Publi\u00e9 le<\/p>\n<p>            18 ao\u00fbt 2026 \u00e0 16h45        <\/p>\n<p><strong>Info 76actu<\/strong>. La sc\u00e8ne a \u00e9t\u00e9 particuli\u00e8rement choquante, dans la nuit du lundi 17 au mardi 18 ao\u00fbt 2026, dans ce <strong>bar bien connu de la rue Cauchoise<\/strong> \u00e0 <a href=\"https:\/\/actu.fr\/normandie\/rouen_76540\" rel=\"nofollow noopener\" target=\"_blank\">Rouen<\/a>. Un peu avant 2h du matin, les salari\u00e9s s\u2019appr\u00eatent \u00e0 faire la fermeture quand un homme p\u00e9n\u00e8tre dans l\u2019\u00e9tablissement. Selon nos informations, confirm\u00e9es par une source polici\u00e8re, il a sorti ce qui s\u2019apparente \u00e0 <strong>une arme \u00e0 feu<\/strong> et l\u2019a pos\u00e9e sur le comptoir avant de demander qu\u2019on <strong>lui serve une bi\u00e8re<\/strong>.<\/p>\n<p>Il sort une arme \u00e0 feu dans un bar de Rouen<\/p>\n<p class=\" wall-content\">Toujours selon nos informations, il n\u2019a <strong>pas point\u00e9 son arme<\/strong> sur le personnel du bar et n\u2019a pas non plus tent\u00e9 de s\u2019emparer de la caisse. Apr\u00e8s son verre, il a quitt\u00e9 le bar comme si de rien n\u2019\u00e9tait.<\/p>\n<p class=\" wall-content\">D\u2019apr\u00e8s notre source, le g\u00e9rant de l\u2019\u00e9tablissement a imm\u00e9diatement contact\u00e9 la police. Vers 2h du matin, une unit\u00e9 de la brigade anticriminalit\u00e9 (Bac) a pu <strong>identifier et interpeller<\/strong> l\u2019homme arm\u00e9. Apr\u00e8s v\u00e9rification, l\u2019arme de poing qu\u2019il poss\u00e9dait \u00e9tait <strong>en fait \u00ab\u2009factice\u2009\u00bb<\/strong>, pr\u00e9cise notre source.<\/p>\n<p class=\" wall-content\">L\u2019homme a depuis \u00e9t\u00e9 plac\u00e9 en garde \u00e0 vue.<\/p>\n<p>Suivez l\u2019actualit\u00e9 de Rouen sur <a href=\"https:\/\/www.whatsapp.com\/channel\/0029VaKfnf99hXF2ddApFB1D\" rel=\"nofollow noopener\" target=\"_blank\">notre cha\u00eene WhatsApp<\/a> et sur <a href=\"https:\/\/www.tiktok.com\/@76actu.fr?lang=fr\" rel=\"nofollow noopener\" target=\"_blank\">notre compte TikTok<\/a><\/p>\n<p class=\" wall-content\">Personnalisez votre actualit\u00e9 en ajoutant vos villes et m\u00e9dias en favori avec <a href=\"https:\/\/moncompte.actu.fr\" title=\"D\u00e9couvez Mon Actu\" rel=\"nofollow noopener\" data-trk=\"{&quot;cta&quot;:{&quot;action&quot;:&quot;https:\\\/\\\/moncompte.actu.fr&quot;,&quot;category&quot;:&quot;mon compte&quot;,&quot;from&quot;:&quot;article footer&quot;,&quot;name&quot;:&quot;Mon actu&quot;,&quot;type&quot;:&quot;cta&quot;}}\" target=\"_blank\">Mon Actu<\/a>.<\/p>\n<p>                    <script async src=\"\/\/www.tiktok.com\/embed.js\"><\/script><\/p>\n","protected":false},"excerpt":{"rendered":"Par Yann Rivallan Publi\u00e9 le 18 ao\u00fbt 2026 \u00e0 16h45 Info 76actu. La sc\u00e8ne a \u00e9t\u00e9 particuli\u00e8rement choquante,&hellip;\n","protected":false},"author":2,"featured_media":1134695,"comment_status":"","ping_status":"","sticky":false,"template":"","format":"standard","meta":{"footnotes":"","_share_on_mastodon":"0"},"categories":[9587],"tags":[1111,11,7722,1777,674,118,1011,27,12,5161,1072,25,9590],"class_list":["post-1134694","post","type-post","status-publish","format-standard","has-post-thumbnail","category-rouen","tag-actu","tag-actualites","tag-biere","tag-eu","tag-europe","tag-faits-divers","tag-fr","tag-france","tag-news","tag-normandie","tag-police","tag-republique-francaise","tag-rouen"],"share_on_mastodon":{"url":"https:\/\/pubeurope.com\/@fr\/117117160432262574","error":""},"_links":{"self":[{"href":"https:\/\/www.europesays.com\/fr\/wp-json\/wp\/v2\/posts\/1134694","targetHints":{"allow":["GET"]}}],"collection":[{"href":"https:\/\/www.europesays.com\/fr\/wp-json\/wp\/v2\/posts"}],"about":[{"href":"https:\/\/www.europesays.com\/fr\/wp-json\/wp\/v2\/types\/post"}],"author":[{"embeddable":true,"href":"https:\/\/www.europesays.com\/fr\/wp-json\/wp\/v2\/users\/2"}],"replies":[{"embeddable":true,"href":"https:\/\/www.europesays.com\/fr\/wp-json\/wp\/v2\/comments?post=1134694"}],"version-history":[{"count":0,"href":"https:\/\/www.europesays.com\/fr\/wp-json\/wp\/v2\/posts\/1134694\/revisions"}],"wp:featuredmedia":[{"embeddable":true,"href":"https:\/\/www.europesays.com\/fr\/wp-json\/wp\/v2\/media\/1134695"}],"wp:attachment":[{"href":"https:\/\/www.europesays.com\/fr\/wp-json\/wp\/v2\/media?parent=1134694"}],"wp:term":[{"taxonomy":"category","embeddable":true,"href":"https:\/\/www.europesays.com\/fr\/wp-json\/wp\/v2\/categories?post=1134694"},{"taxonomy":"post_tag","embeddable":true,"href":"https:\/\/www.europesays.com\/fr\/wp-json\/wp\/v2\/tags?post=1134694"}],"curies":[{"name":"wp","href":"https:\/\/api.w.org\/{rel}","templated":true}]}}