{"id":113471,"date":"2025-05-20T04:45:12","date_gmt":"2025-05-20T04:45:12","guid":{"rendered":"https:\/\/www.europesays.com\/fr\/113471\/"},"modified":"2025-05-20T04:45:12","modified_gmt":"2025-05-20T04:45:12","slug":"a-marseille-les-victimes-des-marchands-de-sommeil-luttent-pour-etre-regularisees-2","status":"publish","type":"post","link":"https:\/\/www.europesays.com\/fr\/113471\/","title":{"rendered":"\u00c0 Marseille, les victimes des marchands de sommeil luttent pour \u00eatre r\u00e9gularis\u00e9es"},"content":{"rendered":"<p>Pour les encourager \u00e0 porter plainte, la loi permet depuis 2024 aux victimes de marchands de sommeil en situation irr\u00e9guli\u00e8re d\u2019obtenir un titre de s\u00e9jour provisoire. \u00c0 Marseille, plus d\u2019un an apr\u00e8s son entr\u00e9e en vigueur, cette mesure n\u2019est toujours pas appliqu\u00e9e, comme l&rsquo;a constat\u00e9 notre partenaire Mediapart.<\/p>\n<p>    Pendant plus de deux ans, chaque mois, Demba* a d\u00e9bours\u00e9 150 euros pour partager avec un camarade d\u2019infortune une pi\u00e8ce de dix m\u00e8tres carr\u00e9s. \u00c0 peine de quoi installer un lit superpos\u00e9, une petite douche et des toilettes. \u201cPour cuisiner, nous allions chez des amis ou bien on faisait cuire du riz sur une plaque de cuisson\u201d, se souvient ce trentenaire arriv\u00e9 de Guin\u00e9e Conakry en 2022. Apr\u00e8s avoir subi pendant des mois des coupures d\u2019eau, d\u2019\u00e9lectricit\u00e9 et des menaces d\u2019expulsion, Demba ainsi qu\u2019une trentaine d\u2019autres locataires du num\u00e9ro 18 de la rue des Feuillants \u2014 une \u00e9pave, plus qu\u2019un immeuble, situ\u00e9e tout pr\u00e8s de la Canebi\u00e8re \u2014 ont fini par \u00eatre \u00e9vacu\u00e9s en novembre 2024 apr\u00e8s la publication d\u2019un arr\u00eat\u00e9 de mise en s\u00e9curit\u00e9. Depuis, ils sont &#8230; <\/p>\n<p>Vous voulez lire<br \/>\n\t\t\t                la suite\u00a0?\n\t\t\t            <\/p>\n<p>\n\t\t\t                Abonnez-vous \u00e0 Marsactu\n\t\t\t            <\/p>\n","protected":false},"excerpt":{"rendered":"Pour les encourager \u00e0 porter plainte, la loi permet depuis 2024 aux victimes de marchands de sommeil en&hellip;\n","protected":false},"author":2,"featured_media":113472,"comment_status":"","ping_status":"","sticky":false,"template":"","format":"standard","meta":{"footnotes":""},"categories":[2814],"tags":[23324,1111,11,1777,674,1011,27,23325,884,12,882,25,4772,23326],"class_list":{"0":"post-113471","1":"post","2":"type-post","3":"status-publish","4":"format-standard","5":"has-post-thumbnail","7":"category-marseille","8":"tag-18ruedesfeuillants","9":"tag-actu","10":"tag-actualites","11":"tag-eu","12":"tag-europe","13":"tag-fr","14":"tag-france","15":"tag-marchandsdesommeil","16":"tag-marseille","17":"tag-news","18":"tag-provence-alpes-cote-dazur","19":"tag-republique-francaise","20":"tag-zalu","21":"tag-zennou"},"share_on_mastodon":{"url":"https:\/\/pubeurope.com\/@fr\/114538343603561989","error":""},"_links":{"self":[{"href":"https:\/\/www.europesays.com\/fr\/wp-json\/wp\/v2\/posts\/113471","targetHints":{"allow":["GET"]}}],"collection":[{"href":"https:\/\/www.europesays.com\/fr\/wp-json\/wp\/v2\/posts"}],"about":[{"href":"https:\/\/www.europesays.com\/fr\/wp-json\/wp\/v2\/types\/post"}],"author":[{"embeddable":true,"href":"https:\/\/www.europesays.com\/fr\/wp-json\/wp\/v2\/users\/2"}],"replies":[{"embeddable":true,"href":"https:\/\/www.europesays.com\/fr\/wp-json\/wp\/v2\/comments?post=113471"}],"version-history":[{"count":0,"href":"https:\/\/www.europesays.com\/fr\/wp-json\/wp\/v2\/posts\/113471\/revisions"}],"wp:featuredmedia":[{"embeddable":true,"href":"https:\/\/www.europesays.com\/fr\/wp-json\/wp\/v2\/media\/113472"}],"wp:attachment":[{"href":"https:\/\/www.europesays.com\/fr\/wp-json\/wp\/v2\/media?parent=113471"}],"wp:term":[{"taxonomy":"category","embeddable":true,"href":"https:\/\/www.europesays.com\/fr\/wp-json\/wp\/v2\/categories?post=113471"},{"taxonomy":"post_tag","embeddable":true,"href":"https:\/\/www.europesays.com\/fr\/wp-json\/wp\/v2\/tags?post=113471"}],"curies":[{"name":"wp","href":"https:\/\/api.w.org\/{rel}","templated":true}]}}